{"id":10292,"date":"2021-05-11T11:08:57","date_gmt":"2021-05-11T10:08:57","guid":{"rendered":"https:\/\/www.ahne-international.de\/?p=10292"},"modified":"2021-05-11T11:08:57","modified_gmt":"2021-05-11T10:08:57","slug":"corona-tagebuch-324","status":"publish","type":"post","link":"https:\/\/www.ahne-international.de\/?p=10292","title":{"rendered":"Corona-Tagebuch 324"},"content":{"rendered":"<p><span style=\"font-size: small;\">Dritter sommerlicher Tag infolge. W\u00e4re gestern fast erstickt, was allerdings nicht an den Temperaturen oder Covid lag, die Nachbarin hatte sich eingedieselt mit irgendeinem Spray, so stark, dass man im Hausflur nicht mehr atmen konnte. Kurz war ich versucht die Polizei zu holen, denn es h\u00e4tte sich ja um einen Suizid-Versuch handeln k\u00f6nnen. Wenn es im Hausflur schon so stank, wie muss es erst in ihrer Wohnung gewesen sein? Gl\u00fccklicherweise fiel mir noch rechtzeitig ein, dass ich ja Berliner bin und als Berliner holt man keine Polizei, zumindest nicht, wenn es sich um Geruchs-, Ger\u00e4usch-, Geschmacks- oder visuelle Bel\u00e4stigungen handelt. Jeh\u00f6rt eben dazu. Noch zwei Tage bis zu meiner Impfung. Habe endlich den Impfausweis gefunden. Den aus der DDR. Ob der \u00fcberhaupt noch gilt? Die norwegische Impfkommission hat den Ausschluss der Impfstoffe von Astrazeneca und Johnson &amp; Johnson empfohlen. Na, wir sind ja nicht Norwegen. Hunderttausende Impfstoffdosen bleiben in den USA aktuell ungenutzt, weil sich kaum noch jemand impfen lassen will. 57% der Erwachsenen taten es dort bereits, circa. Hamburg hebt ab Mittwoch die Ma\u00dfnahmen der Corona-Notbremse auf. In Berlin gibt es Lockerungen, laut Regierendem B\u00fcrgermeister M\u00fcller, fr\u00fchestens ab Mitte n\u00e4chster Woche. Liegt an einem v\u00f6llig bekloppten System. Obwohl die Neuinfektionszahlen in Berlin seit vielen Tagen im Vergleich zur Vorwoche sinken, stieg n\u00e4mlich pl\u00f6tzlich wie durch ein Wunder die 7-Tage-Inzidenz wieder \u00fcber 100. Kein Wunder. Unterschiedliche Zust\u00e4ndigkeiten. Eine der beiden Stellen meldet die F\u00e4lle \u00f6fter versp\u00e4tet, dann staut es sich eben. Seit gestern haben Museen, B\u00fcchereien und \u201eandere kulturelle Einrichtungen\u201c in Irland wieder auf. Tschechien erlaubt ab kommender Woche bei Kulturveranstaltungen im Freien bis zu 700 Zuschauer. In England d\u00fcrfen ab 17. Mai bis zu 10.000 in die Stadien. \u00d6sterreich \u00f6ffnet die Innenr\u00e4ume der Gastronomie, Hotels, sowie Kultur- und Freizeiteinrichtungen ab 19. Mai, f\u00fcr Geimpfte, Genesene und Menschen mit tagesaktuellem Negativtest, Ausgangssperren werden aufgehoben, nur gro\u00dfe Veranstaltungen sind weiter nicht m\u00f6glich. Malaysia schlie\u00dft dagegen erneut alle Schulen. Das Land stehe vor einer dritten Corona-Welle, die zu einer nationalen Krise f\u00fchren k\u00f6nne, so Ministerpr\u00e4sident Muhyiddin Yassin. In Indien gehen den dritten Tag infolge die Neuinfektionszahlen zur\u00fcck. \u00dcber 75.000 Covid-19-Tote meldet der Iran, \u00fcber 85.000 Deutschland. China m\u00f6chte auf dem Mount Everest eine \u201eTrennungslinie\u201c zum aktuell von Corona heftig gebeutelten Nepal installieren. Bergsteiger sollen die Linie auf dem h\u00f6chsten Gipfel der Erde dann nicht \u00fcberschreiten d\u00fcrfen. Wie solch eine \u201eTrennungslinie\u201c beschaffen sein soll, wurde allerdings nicht verraten. Wie w\u00e4re es mit einer Mauer?<\/span><\/p>\n<p><span style=\"font-size: small;\">Tipp f\u00fcr heute: Die muss dann aber auch bewacht werden, sonst klettert nachher noch jemand mit der Leiter r\u00fcber.<\/span><\/p>\n","protected":false},"excerpt":{"rendered":"<p>Dritter sommerlicher Tag infolge. W\u00e4re gestern fast erstickt, was allerdings nicht an den Temperaturen oder Covid lag, die Nachbarin hatte sich eingedieselt mit irgendeinem Spray, so stark, dass man im Hausflur nicht mehr atmen konnte. Kurz war ich versucht die Polizei zu holen, denn es h\u00e4tte sich ja um einen Suizid-Versuch handeln k\u00f6nnen. Wenn es [&hellip;]<\/p>\n","protected":false},"author":53,"featured_media":0,"comment_status":"open","ping_status":"open","sticky":false,"template":"","format":"standard","meta":{"footnotes":""},"categories":[1],"tags":[],"class_list":["post-10292","post","type-post","status-publish","format-standard","hentry","category-allgemein"],"_links":{"self":[{"href":"https:\/\/www.ahne-international.de\/index.php?rest_route=\/wp\/v2\/posts\/10292","targetHints":{"allow":["GET"]}}],"collection":[{"href":"https:\/\/www.ahne-international.de\/index.php?rest_route=\/wp\/v2\/posts"}],"about":[{"href":"https:\/\/www.ahne-international.de\/index.php?rest_route=\/wp\/v2\/types\/post"}],"author":[{"embeddable":true,"href":"https:\/\/www.ahne-international.de\/index.php?rest_route=\/wp\/v2\/users\/53"}],"replies":[{"embeddable":true,"href":"https:\/\/www.ahne-international.de\/index.php?rest_route=%2Fwp%2Fv2%2Fcomments&post=10292"}],"version-history":[{"count":1,"href":"https:\/\/www.ahne-international.de\/index.php?rest_route=\/wp\/v2\/posts\/10292\/revisions"}],"predecessor-version":[{"id":10293,"href":"https:\/\/www.ahne-international.de\/index.php?rest_route=\/wp\/v2\/posts\/10292\/revisions\/10293"}],"wp:attachment":[{"href":"https:\/\/www.ahne-international.de\/index.php?rest_route=%2Fwp%2Fv2%2Fmedia&parent=10292"}],"wp:term":[{"taxonomy":"category","embeddable":true,"href":"https:\/\/www.ahne-international.de\/index.php?rest_route=%2Fwp%2Fv2%2Fcategories&post=10292"},{"taxonomy":"post_tag","embeddable":true,"href":"https:\/\/www.ahne-international.de\/index.php?rest_route=%2Fwp%2Fv2%2Ftags&post=10292"}],"curies":[{"name":"wp","href":"https:\/\/api.w.org\/{rel}","templated":true}]}}