{"id":10307,"date":"2021-05-18T11:30:07","date_gmt":"2021-05-18T10:30:07","guid":{"rendered":"https:\/\/www.ahne-international.de\/?p=10307"},"modified":"2021-05-18T11:30:07","modified_gmt":"2021-05-18T10:30:07","slug":"corona-tagebuch-331","status":"publish","type":"post","link":"https:\/\/www.ahne-international.de\/?p=10307","title":{"rendered":"Corona-Tagebuch 331"},"content":{"rendered":"<p><span style=\"font-size: small;\">Gute Nachrichten aus Schmachtenhagen. Mein dortiger Auftritt am 5. Juni, gemeinsam mit der Tanzkapelle &#8218;Schmachwanderunk&#8216;, kann wohl stattfinden, sehr wahrscheinlich drau\u00dfen und ist auch schon fast ausverkauft. Wurde gefragt, was ich denn ben\u00f6tige. Musste erst mal tief in mich gehen. Wie war das gleich? Was hatte ich damals auf der B\u00fchne, als das noch ging? Brauche ich Pyrotechnik? Ziehe ich mich um? Mehrmals? Begleitet mich ein Orchester? Ich glaubte, mich erinnern zu k\u00f6nnen, dass ich lediglich ein Mikro, Licht zum Lesen und einen Tisch zum Ablegen der Texte hatte. Und Bier! Gegen die Aufregung. Oh nein, werde bestimmt f\u00fcnf Tage vor dem 5. schon nicht mehr schlafen k\u00f6nnen. Brauche Schminke diesmal, um die Augenringe \u00fcbermalen zu k\u00f6nnen. Der deutsche Haus\u00e4rzteverband m\u00f6chte mehr Freiheiten f\u00fcr mit Astrazeneca Erstgeimpfte. Es geht um mich! Ja! Ja! Verbandschef Ulrich Weigeldt in der &#8218;Wirtschaftswoche&#8216;: \u201eAnsonsten gibt es das Dilemma, entweder wird Astrazeneca erst gar nicht gew\u00e4hlt, oder jemand will die zweite Impfung schon nach 4 Wochen haben. Das ist aber nicht nur sinnlos, sondern kann sogar negative Aspekte haben.\u201c Ab Mittwoch gelten keine n\u00e4chtlichen Ausgangsbeschr\u00e4nkungen mehr in Berlin, Museen \u00f6ffnen, Veranstaltungen unter freiem Himmel mit bis zu 250 Besuchern k\u00f6nnen stattfinden und, hurra, endlich sind Stadtrundfahrten und Schiffsausfl\u00fcge wieder m\u00f6glich. \u00d6sterreich erlaubt ebenfalls ab Mittwoch die quarant\u00e4nefreie Einreise aus Deutschland. Die Niederlande \u00f6ffnen dann Vergn\u00fcgungsparks und Zoos. In Pakistan d\u00fcrfen wegen sinkender Infektionszahlen M\u00e4rkte wieder aufmachen, schrittweise rollt der \u00f6ffentliche Verkehr an. Singapur und Taiwan hingegen schlie\u00dfen aus Sorge vor ansteckenderen Varianten ihre Schulen. Rekorde an Neuinfektionen melden Taiwan, 335 und Thailand, 9.635 F\u00e4lle am Tag. 70% der Neuinfektionen entfallen in Thailand auf die Gef\u00e4ngnisse. Indien meldet zwar weniger Neuinfektionen, aber einen H\u00f6chststand t\u00e4glicher Corona-Todesopfer, 4.329 und will fr\u00fchestens ab Oktober wieder Impfstoffe exportieren. Die Seychellen weisen eine 7-Tage-Inzidenz von 1.618,9 auf, die Malediven von 1.653,3, sollte man bei seiner Urlaubsplanung vielleicht beachten. \u00dcber 100 Covid-19-Tote melden die Malediven, \u00fcber 600 Thailand, \u00fcber 4.000 \u00c4thiopien, \u00fcber 9.000 Bosnien\/Herzegowina, \u00fcber 275.000 Indien. Ein Reiser\u00fcckkehrer aus Indien ist im Kreis Pinneberg positiv auf die B.1.617-Variante getestet worden. Die Familienmitglieder h\u00e4tten sich ebenfalls infiziert, hei\u00dft es. Alle seien in h\u00e4uslicher Quarant\u00e4ne. <\/span><\/p>\n<p><span style=\"font-size: small;\">Tipp f\u00fcr heute: F\u00fcr w\u00e4rmeres Wetter tanzen, am 5. Juni, meine ich.<\/span><\/p>\n","protected":false},"excerpt":{"rendered":"<p>Gute Nachrichten aus Schmachtenhagen. Mein dortiger Auftritt am 5. Juni, gemeinsam mit der Tanzkapelle &#8218;Schmachwanderunk&#8216;, kann wohl stattfinden, sehr wahrscheinlich drau\u00dfen und ist auch schon fast ausverkauft. Wurde gefragt, was ich denn ben\u00f6tige. Musste erst mal tief in mich gehen. Wie war das gleich? Was hatte ich damals auf der B\u00fchne, als das noch ging? [&hellip;]<\/p>\n","protected":false},"author":53,"featured_media":0,"comment_status":"open","ping_status":"open","sticky":false,"template":"","format":"standard","meta":{"footnotes":""},"categories":[1],"tags":[],"class_list":["post-10307","post","type-post","status-publish","format-standard","hentry","category-allgemein"],"_links":{"self":[{"href":"https:\/\/www.ahne-international.de\/index.php?rest_route=\/wp\/v2\/posts\/10307","targetHints":{"allow":["GET"]}}],"collection":[{"href":"https:\/\/www.ahne-international.de\/index.php?rest_route=\/wp\/v2\/posts"}],"about":[{"href":"https:\/\/www.ahne-international.de\/index.php?rest_route=\/wp\/v2\/types\/post"}],"author":[{"embeddable":true,"href":"https:\/\/www.ahne-international.de\/index.php?rest_route=\/wp\/v2\/users\/53"}],"replies":[{"embeddable":true,"href":"https:\/\/www.ahne-international.de\/index.php?rest_route=%2Fwp%2Fv2%2Fcomments&post=10307"}],"version-history":[{"count":1,"href":"https:\/\/www.ahne-international.de\/index.php?rest_route=\/wp\/v2\/posts\/10307\/revisions"}],"predecessor-version":[{"id":10308,"href":"https:\/\/www.ahne-international.de\/index.php?rest_route=\/wp\/v2\/posts\/10307\/revisions\/10308"}],"wp:attachment":[{"href":"https:\/\/www.ahne-international.de\/index.php?rest_route=%2Fwp%2Fv2%2Fmedia&parent=10307"}],"wp:term":[{"taxonomy":"category","embeddable":true,"href":"https:\/\/www.ahne-international.de\/index.php?rest_route=%2Fwp%2Fv2%2Fcategories&post=10307"},{"taxonomy":"post_tag","embeddable":true,"href":"https:\/\/www.ahne-international.de\/index.php?rest_route=%2Fwp%2Fv2%2Ftags&post=10307"}],"curies":[{"name":"wp","href":"https:\/\/api.w.org\/{rel}","templated":true}]}}