{"id":10330,"date":"2021-05-29T14:14:24","date_gmt":"2021-05-29T13:14:24","guid":{"rendered":"https:\/\/www.ahne-international.de\/?p=10330"},"modified":"2021-05-29T14:14:24","modified_gmt":"2021-05-29T13:14:24","slug":"corona-tagebuch-341","status":"publish","type":"post","link":"https:\/\/www.ahne-international.de\/?p=10330","title":{"rendered":"Corona-Tagebuch 341"},"content":{"rendered":"<p><span style=\"font-size: small;\">Ein kleines Wunder ist geschehen. Wir haben f\u00fcr die Reformb\u00fchne einen Open-Air-Auftrittsort gefunden. Yes! F\u00fcr den ganzen Sommer! Und der Sommer geht bei uns bereits \u00fcbern\u00e4chsten Sonntag los. Am 5. Juni werden wir das erste Mal auf dem Hof der FIT-Tankstelle stattfinden, nicht weit von den Vor-Corona-Domizilen Baiz und Roter Salon der Volksb\u00fchne. Von da ab dann jeden Sonntag bis Oktober, falls die Pandemielage h\u00e4lt. Wetter soll ja sch\u00f6n warm sein, Juni bis Oktober. Und trocken. Sonntags zumindest, w\u00e4hrend es in der Woche ordentlich schifft (gut f\u00fcr die Natur). Hab ich im Urin. Streamen tun wir zun\u00e4chst parallel weiter, f\u00fcr die, die nicht in die Schwedter Stra\u00dfe 261 k\u00f6nnen oder wollen. In Hamburg \u00f6ffneten gestern die Theater und Konzerth\u00e4user. In Bremen sind Besuche in Krankenh\u00e4usern wieder erlaubt. Ab 5. Juni endet der Lockdown in den Niederlanden. Die irische Regierung hebt ihre Corona-Ma\u00dfnahmen schrittweise auf. Zun\u00e4chst sollen Hotels und Au\u00dfengastronomie \u00f6ffnen, der internationale Reiseverkehr wird ab 19. Juli wieder aufgenommen. Tschechien l\u00e4sst Touristen aus Deutschland und 6 weiteren L\u00e4ndern ab Montag schon ins Land, Restaurants d\u00fcrfen dann auch Innenbereiche wieder nutzen. \u00d6sterreich gibt ab 1. Juli s\u00e4mtliche Obergrenzen f\u00fcr die Besucherzahl bei Veranstaltungen drinnen und drau\u00dfen frei. Voraussetzung, die Besucher sind geimpft, genesen oder negativ getestet. In der indischen Hauptstadt Neu-Delhi darf ab Montag in Betrieben und auf Baustellen wieder gearbeitet werden. Hurra! Italien erlaubt von Donnerstag an Impfungen ab 16 Jahre. Die EU l\u00e4sst den Biontech\/Pfizer-Impfstoff f\u00fcr Jugendliche ab 12 Jahren zu, Gro\u00dfbritannien den Johnson &amp; Johnson-Impfstoff als Vierten. Wegen 20 Neuinfektionen innerhalb einer Woche wurde in Guangzhou (S\u00fcdchina) ein ganzes Stadtviertel abgeriegelt. Die Bewohner sind aufgefordert zuhause zu bleiben. Ein Hybrid der indischen B.1.617- und der britischen B.1.1.7.-Variante ist in Vietnam entdeckt worden. Nguyen Thanh Long, vietnamesischer Gesundheitsminister, erkl\u00e4rte in der Online-Zeitung &#8218;VnExpress&#8216;, die Mischung beider Varianten verbreite sich schnell \u00fcber die Luft. Im Westen Frankreichs trat ein weiteres Cluster der seltenen VOC 20I\/484Q-Variante auf, insgesamt 37 Infektionen, der Gro\u00dfteil in der Gemeinde Niort. Einen Rekord an Neuinfektionen meldet Malaysia, 8.290. Ab dem 1. Juni gilt da ein strenger zweiw\u00f6chiger Lockdown. Ministerpr\u00e4sident Muhyiddin Yassin k\u00fcndigte an, die sozialen und wirtschaftlichen Aktivit\u00e4ten zu stoppen. \u00dcber 800 Covid-19-Tote verzeichnet Namibia, \u00fcber 7.000 Nepal, \u00fcber 50.000 Indonesien, \u00fcber 320.000 Indien. Trotz Corona-Infektion bestiegen zwei Isl\u00e4nder, die in 7.000 m H\u00f6he angefangen h\u00e4tten zu husten, den Mont Everest. \u201eDa wir uns gut f\u00fchlten, sahen wir keinen Grund unsere Pl\u00e4ne zu \u00e4ndern.\u201c, so einer der Bergsteiger. Ach was, warum auch?<\/span><\/p>\n<p><span style=\"font-size: small;\">Tipp f\u00fcr heute: Lieber das neue <a href=\"https:\/\/www.youtube.com\/watch?v=nt9k3yi9orQ\">Video<\/a> von Sedlmeir anschauen. <\/span><\/p>\n","protected":false},"excerpt":{"rendered":"<p>Ein kleines Wunder ist geschehen. Wir haben f\u00fcr die Reformb\u00fchne einen Open-Air-Auftrittsort gefunden. Yes! F\u00fcr den ganzen Sommer! Und der Sommer geht bei uns bereits \u00fcbern\u00e4chsten Sonntag los. Am 5. Juni werden wir das erste Mal auf dem Hof der FIT-Tankstelle stattfinden, nicht weit von den Vor-Corona-Domizilen Baiz und Roter Salon der Volksb\u00fchne. Von da [&hellip;]<\/p>\n","protected":false},"author":53,"featured_media":0,"comment_status":"open","ping_status":"open","sticky":false,"template":"","format":"standard","meta":{"footnotes":""},"categories":[1],"tags":[],"class_list":["post-10330","post","type-post","status-publish","format-standard","hentry","category-allgemein"],"_links":{"self":[{"href":"https:\/\/www.ahne-international.de\/index.php?rest_route=\/wp\/v2\/posts\/10330","targetHints":{"allow":["GET"]}}],"collection":[{"href":"https:\/\/www.ahne-international.de\/index.php?rest_route=\/wp\/v2\/posts"}],"about":[{"href":"https:\/\/www.ahne-international.de\/index.php?rest_route=\/wp\/v2\/types\/post"}],"author":[{"embeddable":true,"href":"https:\/\/www.ahne-international.de\/index.php?rest_route=\/wp\/v2\/users\/53"}],"replies":[{"embeddable":true,"href":"https:\/\/www.ahne-international.de\/index.php?rest_route=%2Fwp%2Fv2%2Fcomments&post=10330"}],"version-history":[{"count":1,"href":"https:\/\/www.ahne-international.de\/index.php?rest_route=\/wp\/v2\/posts\/10330\/revisions"}],"predecessor-version":[{"id":10331,"href":"https:\/\/www.ahne-international.de\/index.php?rest_route=\/wp\/v2\/posts\/10330\/revisions\/10331"}],"wp:attachment":[{"href":"https:\/\/www.ahne-international.de\/index.php?rest_route=%2Fwp%2Fv2%2Fmedia&parent=10330"}],"wp:term":[{"taxonomy":"category","embeddable":true,"href":"https:\/\/www.ahne-international.de\/index.php?rest_route=%2Fwp%2Fv2%2Fcategories&post=10330"},{"taxonomy":"post_tag","embeddable":true,"href":"https:\/\/www.ahne-international.de\/index.php?rest_route=%2Fwp%2Fv2%2Ftags&post=10330"}],"curies":[{"name":"wp","href":"https:\/\/api.w.org\/{rel}","templated":true}]}}