{"id":10901,"date":"2022-02-26T14:29:58","date_gmt":"2022-02-26T13:29:58","guid":{"rendered":"https:\/\/www.ahne-international.de\/?p=10901"},"modified":"2022-02-26T14:29:58","modified_gmt":"2022-02-26T13:29:58","slug":"corona-tagebuch-579","status":"publish","type":"post","link":"https:\/\/www.ahne-international.de\/?p=10901","title":{"rendered":"Corona-Tagebuch 579"},"content":{"rendered":"<p><span style=\"font-size: small;\">Noch ist Kiew nicht unter Kontrolle der russischen Armee. Erste Fl\u00fcchtlinge aus der Ukraine kommen in Berlin an. Was m\u00f6gen sie denken? Nur eine kurze Episode in ihrem Leben? Werden sie ihr Zuhause jemals wiedersehen? Putin strebt nach eigenen Worten ja \u201edie Entmilitarisierung und Entnazifizierung der Ukraine\u201c an. Und das von jemandem, der seit Jahren Nazis und Nationalisten in ganz Europa unterst\u00fctzt, sowohl finanziell als auch ideell. Um uns irgendwann von ihnen \u201ebefreien\u201c zu k\u00f6nnen? Wie viele bereits ihr Leben lie\u00dfen, in diesem Krieg? Ich wei\u00df es nicht. Den Meldungen beider Seiten \u00fcber Opferzahlen ist nicht zu trauen. Seinen Platz in der Geschichte aber hat Putin sicher, als Kriegsverbrecher und Tyrann. Die Wirtschaftssanktionen vieler L\u00e4nder gegen Russland kann ich nicht beurteilen. Auf mich wirkt es hilflos und inkonsequent. Liege ich falsch? Dass das Brandenburger Tor in Berlin und der Eiffelturm in Paris blau-gelb angestrahlt wurden, macht sicher nicht allzu viel Eindruck auf die Herren im Kreml. Gestoppt wurde ein italienisch-russisches Projekt zur M\u00f6glichkeit von Kreuzimpfungen mit Astrazeneca und Sputnik V, des Krieges wegen. Nun ja. Die deutsche Bundesregierung strich gestern 37 L\u00e4nder von der Liste der Hochrisikogebiete, darunter die Ukraine. Makaber. Seit heute k\u00f6nnen in den ersten Bundesl\u00e4ndern Menschen sich mit dem \u201eTotimpfstoff\u201c Novavax impfen lassen. Ob es viele \u201eImpfskeptiker\u201c tun werden? Ich bin skeptisch. Eine schwedische Untersuchungskommission kam zu dem Ergebnis, dass die auf Freiwilligkeit basierende &#8218;No-Lockdown-Strategie&#8216; in Schweden insgesamt richtig gewesen sei, aber \u201eim Februar und M\u00e4rz 2020 h\u00e4tte Schweden sich f\u00fcr strengere Vorbeugungs- und Kontrollmechanismen entscheiden sollen.\u201c Bisher starben dort an oder mit Covid-19 \u00fcber 17.000 Menschen, deutlich mehr pro Einwohner als in den skandinavischen Nachbarl\u00e4ndern, weniger allerdings als in den meisten europ\u00e4ischen Staaten, die sich f\u00fcr strengere Lockdowns entschieden. Rekorde an Neuinfektionen melden Neuseeland, 13.625 und Hongkong, 17.063 F\u00e4lle am Tag, sein erstes Corona-Todesopfer \u00fcberhaupt der S\u00fcdseestaat Tonga. \u00dcber 945.000 Covid-19-Tote insgesamt verzeichnen die USA. \u201eZukunftsforscher\u201c Matthias Horx, mein Lieblingsknallkopp, der noch vor zwei Jahren prognostizierte, die Welt werde nach Corona eine bessere sein: \u201eIn der neuen Welt spielt Verm\u00f6gen pl\u00f6tzlich nicht mehr die entscheidende Rolle. Wichtiger sind gute Nachbarn und ein bl\u00fchender Gem\u00fcsegarten\u201c, hat sich, nein, nicht etwa entschuldigt, f\u00fcr den Quark den er prophezeite, er sieht sich best\u00e4tigt: \u201eCorona hat auch Positives in Gang gesetzt, das wir untersch\u00e4tzen, weil wir so auf &#8217;s Negative fixiert sind, auf Skandal und Streit\u201c, so Horx zu dpa, \u201eDas Virus hat uns mit unserer menschlichen Bedrohtheit und Verletzlichkeit konfrontiert. Dadurch hat in vielen Bereichen ein Umdenken eingesetzt.\u201c Ach ja? Wo denn? Beim Umweltschutz? In der Frage von Krieg und Frieden? Haben sie nicht langsam mal genug in die Glaskugel geschaut, Herr Horx? Was sagt ihr Rentenbescheid?<\/span><\/p>\n<p><span style=\"font-size: small;\">Heute: Berlin, Alte Kantine, 20 Uhr: <a href=\"http:\/\/www.kantinenlesen.de\">Kantinenlesen<\/a> mit Susanne Schirdewahn, Frank Sorge, Stephan Serin, Dan Richter und mich<\/span><\/p>\n","protected":false},"excerpt":{"rendered":"<p>Noch ist Kiew nicht unter Kontrolle der russischen Armee. Erste Fl\u00fcchtlinge aus der Ukraine kommen in Berlin an. Was m\u00f6gen sie denken? Nur eine kurze Episode in ihrem Leben? Werden sie ihr Zuhause jemals wiedersehen? Putin strebt nach eigenen Worten ja \u201edie Entmilitarisierung und Entnazifizierung der Ukraine\u201c an. Und das von jemandem, der seit Jahren [&hellip;]<\/p>\n","protected":false},"author":53,"featured_media":0,"comment_status":"open","ping_status":"open","sticky":false,"template":"","format":"standard","meta":{"footnotes":""},"categories":[1],"tags":[],"class_list":["post-10901","post","type-post","status-publish","format-standard","hentry","category-allgemein"],"_links":{"self":[{"href":"https:\/\/www.ahne-international.de\/index.php?rest_route=\/wp\/v2\/posts\/10901","targetHints":{"allow":["GET"]}}],"collection":[{"href":"https:\/\/www.ahne-international.de\/index.php?rest_route=\/wp\/v2\/posts"}],"about":[{"href":"https:\/\/www.ahne-international.de\/index.php?rest_route=\/wp\/v2\/types\/post"}],"author":[{"embeddable":true,"href":"https:\/\/www.ahne-international.de\/index.php?rest_route=\/wp\/v2\/users\/53"}],"replies":[{"embeddable":true,"href":"https:\/\/www.ahne-international.de\/index.php?rest_route=%2Fwp%2Fv2%2Fcomments&post=10901"}],"version-history":[{"count":1,"href":"https:\/\/www.ahne-international.de\/index.php?rest_route=\/wp\/v2\/posts\/10901\/revisions"}],"predecessor-version":[{"id":10902,"href":"https:\/\/www.ahne-international.de\/index.php?rest_route=\/wp\/v2\/posts\/10901\/revisions\/10902"}],"wp:attachment":[{"href":"https:\/\/www.ahne-international.de\/index.php?rest_route=%2Fwp%2Fv2%2Fmedia&parent=10901"}],"wp:term":[{"taxonomy":"category","embeddable":true,"href":"https:\/\/www.ahne-international.de\/index.php?rest_route=%2Fwp%2Fv2%2Fcategories&post=10901"},{"taxonomy":"post_tag","embeddable":true,"href":"https:\/\/www.ahne-international.de\/index.php?rest_route=%2Fwp%2Fv2%2Ftags&post=10901"}],"curies":[{"name":"wp","href":"https:\/\/api.w.org\/{rel}","templated":true}]}}