{"id":10919,"date":"2022-03-07T12:12:18","date_gmt":"2022-03-07T11:12:18","guid":{"rendered":"https:\/\/www.ahne-international.de\/?p=10919"},"modified":"2022-03-07T12:12:18","modified_gmt":"2022-03-07T11:12:18","slug":"corona-tagebuch-587","status":"publish","type":"post","link":"https:\/\/www.ahne-international.de\/?p=10919","title":{"rendered":"Corona-Tagebuch 587"},"content":{"rendered":"<p><span style=\"font-size: small;\">In den letzten Tagen ist mir aufgefallen, dass vermehrt wieder Menschen in Berlin Maske tragen, im Freien. Also an der frischen Luft, soweit man sie in Berlin als frisch bezeichnen kann. Spider vermutete gestern, bei der wie ich fand sehr sch\u00f6nen Reformb\u00fchne, sie verg\u00e4\u00dfen ihre Maske nur abzunehmen, wenn sie ein Gesch\u00e4ft oder die Stra\u00dfenbahn verlie\u00dfen, w\u00fcrde ihm auch dauernd passieren. Ich glaube das eher nicht. Habe eine gewagte These. K\u00f6nnte es sein, dass dies mit der Unsicherheit bez\u00fcglich des Ukraine-Krieges zu tun hat? Also, der Angst vor einem \u00dcbergreifen der Putin-Aggression? So eine Maske suggeriert wom\u00f6glich, man tue etwas, man sch\u00fctze sich. F\u00fchlt man sich vielleicht nicht ganz so ausgeliefert. Nun ja. Ich halte das jedenfalls f\u00fcr ungesund. Hessen, Sachsen\/Anhalt und Mecklenburg\/Vorpommern haben die Maskenpflicht im Schulunterricht aufgehoben. In Bayern muss im Sportunterricht (!) keine Maske mehr getragen werden. In Ungarn gilt die Maskenpflicht seit heute nur noch in Krankenh\u00e4usern und Altenheimen. Laut der Krankenkasse DAK haben Krankschreibungen wegen Depressionen in Deutschland 2021 einen neuen H\u00f6chststand erreicht. 41% lag er \u00fcber dem Wert von 2011. Frauen litten nach Angaben der DAK h\u00e4ufiger unter \u00c4ngsten, bei M\u00e4nnern spiele Alkoholmissbrauch und Drogenkonsum eine gr\u00f6\u00dfere Rolle. Fast verdoppelt hat sich die Zahl der Privatinsolvenzen in Deutschland 2021, im Vergleich zu 2020, ein Anstieg um 93,6%. Gesunken sind das zweite Jahr infolge die Reall\u00f6hne hierzulande, um 0,1%, einschlie\u00dflich der Corona-Sonderzahlungen. Alles hat mit allem zu tun, oder? \u00dcber 2.000 Covid-19-Tote meldet Hongkong, \u00fcber 9.000 S\u00fcdkorea, \u00fcber 15.000 \u00d6sterreich, \u00fcber 150.000 Indonesien. Und die Sonne scheint. Wenigstens in Berlin. Ich hoffe sehr, die Jugend rebelliert bald mal wieder. Aber bitte ohne allzu viele Glasscherben, ja?<\/span><\/p>\n<p><span style=\"font-size: small;\">Tipp f\u00fcr heute: Wie w\u00e4re es denn mal mit einer gem\u00fctlichen Rebellion? <\/span><\/p>\n","protected":false},"excerpt":{"rendered":"<p>In den letzten Tagen ist mir aufgefallen, dass vermehrt wieder Menschen in Berlin Maske tragen, im Freien. Also an der frischen Luft, soweit man sie in Berlin als frisch bezeichnen kann. Spider vermutete gestern, bei der wie ich fand sehr sch\u00f6nen Reformb\u00fchne, sie verg\u00e4\u00dfen ihre Maske nur abzunehmen, wenn sie ein Gesch\u00e4ft oder die Stra\u00dfenbahn [&hellip;]<\/p>\n","protected":false},"author":53,"featured_media":0,"comment_status":"open","ping_status":"open","sticky":false,"template":"","format":"standard","meta":{"footnotes":""},"categories":[1],"tags":[],"class_list":["post-10919","post","type-post","status-publish","format-standard","hentry","category-allgemein"],"_links":{"self":[{"href":"https:\/\/www.ahne-international.de\/index.php?rest_route=\/wp\/v2\/posts\/10919","targetHints":{"allow":["GET"]}}],"collection":[{"href":"https:\/\/www.ahne-international.de\/index.php?rest_route=\/wp\/v2\/posts"}],"about":[{"href":"https:\/\/www.ahne-international.de\/index.php?rest_route=\/wp\/v2\/types\/post"}],"author":[{"embeddable":true,"href":"https:\/\/www.ahne-international.de\/index.php?rest_route=\/wp\/v2\/users\/53"}],"replies":[{"embeddable":true,"href":"https:\/\/www.ahne-international.de\/index.php?rest_route=%2Fwp%2Fv2%2Fcomments&post=10919"}],"version-history":[{"count":1,"href":"https:\/\/www.ahne-international.de\/index.php?rest_route=\/wp\/v2\/posts\/10919\/revisions"}],"predecessor-version":[{"id":10920,"href":"https:\/\/www.ahne-international.de\/index.php?rest_route=\/wp\/v2\/posts\/10919\/revisions\/10920"}],"wp:attachment":[{"href":"https:\/\/www.ahne-international.de\/index.php?rest_route=%2Fwp%2Fv2%2Fmedia&parent=10919"}],"wp:term":[{"taxonomy":"category","embeddable":true,"href":"https:\/\/www.ahne-international.de\/index.php?rest_route=%2Fwp%2Fv2%2Fcategories&post=10919"},{"taxonomy":"post_tag","embeddable":true,"href":"https:\/\/www.ahne-international.de\/index.php?rest_route=%2Fwp%2Fv2%2Ftags&post=10919"}],"curies":[{"name":"wp","href":"https:\/\/api.w.org\/{rel}","templated":true}]}}