{"id":10997,"date":"2022-04-23T11:31:07","date_gmt":"2022-04-23T10:31:07","guid":{"rendered":"https:\/\/www.ahne-international.de\/?p=10997"},"modified":"2022-04-23T11:31:07","modified_gmt":"2022-04-23T10:31:07","slug":"corona-tagebuch-616","status":"publish","type":"post","link":"https:\/\/www.ahne-international.de\/?p=10997","title":{"rendered":"Corona-Tagebuch 616"},"content":{"rendered":"<p><span style=\"font-size: small;\">Vier Tage ausgesetzt mit Tagebuch schreiben. Osterferien. Bin mit der Tochter im Sanssouci-Park gewesen, in der Gem\u00e4ldegalerie und im Kino. &#8218;Belfast&#8216;. Guter Film. Musste mich beherrschen nicht loszuheulen. Dabei w\u00fcrde ich so gerne heulen k\u00f6nnen. Werde aus mir mal einer schlau. Auf dem R\u00fcckweg von der Gem\u00e4ldegalerie (David Hockney, &#8218;Landschaften im Dialog&#8216;) in der U-Bahn mal wieder einen aggressiven \u201eQuerdenker\u201c erlebt. Es blubberte aus ihm heraus, Tiraden gegen Maskentr\u00e4ger, die Ukraine, vor allem aber gegen Frauen. Gipfelte in der Aussage: \u201eKeiner nimmt mir meinen Penis weg\u201c. Lustig, leider jedoch war der Typ nicht nur verwirrt sondern gro\u00df, breit und durchtrainiert. Er sprang des \u00d6fteren auf, hustete M\u00e4nnern offensiv ins Gesicht (dass er nicht husten musste, war deutlich zu h\u00f6ren). Zum Gl\u00fcck ging niemand auf seine Provokationen ein. Entschuldigt hat sich \u00fcberraschenderweise ein anderer Querdenker. Xavier Naidoo. Der christliche Schmacht-Barde: \u201eIch habe mich Theorien, Sichtweisen und teilweise auch Gruppierungen ge\u00f6ffnet, von denen ich mich ohne Wenn und Aber distanziere und lossage.\u201c Was passierte noch? In der Ukraine geht der Angriffskrieg der russischen Armee weiter. Vor allem deutsche Medien und die Gr\u00fcnen fordern Lieferungen von schweren Waffen an die Verteidiger. Mahner vor der Eskalation kommen eher aus Reihen der Milit\u00e4rs. Auch ich grusele mich vor einer schleichenden Kriegsbeteiligung der NATO-Staaten. Erst Panzerf\u00e4uste, jetzt Panzer. Milit\u00e4rberater sowie Ausbilder werden folgen. Und dann? Das Oberverwaltungsgericht in Mecklenburg\/Vorpommern hat die Hotspot-Corona-Regeln dort au\u00dfer Kraft gesetzt, da ein ganzes Bundesland nicht pauschal zum Corona-Hotspot erkl\u00e4rt werden k\u00f6nne. Alle Corona-Richtlinien im Spielbetrieb der Erwachsenen setzt der Berliner Fu\u00dfballverband au\u00dfer Kraft. Peggy Riese (toller Name) vom Helmholtz-Zentrum f\u00fcr Infektionsforschung r\u00e4t dreifach Geimpften, mit einer weiteren Impfung bis zum Herbst zu warten, wenn hoffentlich ein Omikron-Impfstoff verf\u00fcgbar sei. Die Forscherin sch\u00e4tzt, dass es einen Universalimpfstoff gegen das Coronavirus fr\u00fchestens in 5 bis 10 Jahren gibt, \u201ewenn es uns \u00fcberhaupt gelingt\u201c. Ein Gericht aus Florida kippte die Maskenpflicht in \u00f6ffentlichen Verkehrsmitteln der USA. Befugnisse der Gesundheitsbeh\u00f6rde seien \u00fcberschritten worden. China meldete offiziell Corona-Todesopfer, seit Sonntag 26. Trotz \u00fcber 20.000 Neuinfektionen d\u00fcrfen in Shanghai etwa 12 Millionen Menschen ihre H\u00e4user wieder verlassen, einige Fabriken nahmen die Arbeit auf. In Teilen der Stadt sei das Virus, Beh\u00f6rden zufolge, wirkungsvoll unter Kontrolle. \u00dcber 600 Covid-19-Tote verzeichnet Neuseeland, \u00fcber 6.000 D\u00e4nemark, \u00fcber 40.000 Tschechien, \u00fcber 60.000 die Philippinen, \u00fcber 990.000 die USA. Und in Charlottenburg liefert nun ein ferngesteuerter Roboter Pizza aus. Wer sagt es denn? Alles wird gut.<\/span><\/p>\n<p><span style=\"font-size: small;\">Heute: Berlin, <a href=\"http:\/\/www.baiz.info\">Schankwirtschaft Baiz<\/a>, 19 Uhr: &#8218;Palast der 1.000 Stullen&#8216;, Andreas Gl\u00e4ser, Karel Ott und icke schmieren 1.000 Stullen (mindestens!) und lesen und singen und machen Quiz zum Thema: Freiheit<\/span><\/p>\n<p><span style=\"font-size: small;\"><b>und morgen So. 24.04. 2022<\/b><\/span><\/p>\n<p><span style=\"font-size: small;\">Berlin, <a href=\"http:\/\/www.baiz.info\">Schankwirtschaft Baiz<\/a>, 19 Uhr: <a href=\"http:\/\/www.reformbuehne.de\">Reformb\u00fchne Heim &amp; Welt<\/a> mit Susanne Riedel, Spider, Heiko Werning, Gott und mich, sowie dem h\u00f6rens- und sehenswerten Superstargast Sebastian Kr\u00e4mer (wie die Stones, nur mit Musik)<\/span><\/p>\n","protected":false},"excerpt":{"rendered":"<p>Vier Tage ausgesetzt mit Tagebuch schreiben. Osterferien. Bin mit der Tochter im Sanssouci-Park gewesen, in der Gem\u00e4ldegalerie und im Kino. &#8218;Belfast&#8216;. Guter Film. Musste mich beherrschen nicht loszuheulen. Dabei w\u00fcrde ich so gerne heulen k\u00f6nnen. Werde aus mir mal einer schlau. Auf dem R\u00fcckweg von der Gem\u00e4ldegalerie (David Hockney, &#8218;Landschaften im Dialog&#8216;) in der U-Bahn [&hellip;]<\/p>\n","protected":false},"author":53,"featured_media":0,"comment_status":"open","ping_status":"open","sticky":false,"template":"","format":"standard","meta":{"footnotes":""},"categories":[1],"tags":[],"class_list":["post-10997","post","type-post","status-publish","format-standard","hentry","category-allgemein"],"_links":{"self":[{"href":"https:\/\/www.ahne-international.de\/index.php?rest_route=\/wp\/v2\/posts\/10997","targetHints":{"allow":["GET"]}}],"collection":[{"href":"https:\/\/www.ahne-international.de\/index.php?rest_route=\/wp\/v2\/posts"}],"about":[{"href":"https:\/\/www.ahne-international.de\/index.php?rest_route=\/wp\/v2\/types\/post"}],"author":[{"embeddable":true,"href":"https:\/\/www.ahne-international.de\/index.php?rest_route=\/wp\/v2\/users\/53"}],"replies":[{"embeddable":true,"href":"https:\/\/www.ahne-international.de\/index.php?rest_route=%2Fwp%2Fv2%2Fcomments&post=10997"}],"version-history":[{"count":1,"href":"https:\/\/www.ahne-international.de\/index.php?rest_route=\/wp\/v2\/posts\/10997\/revisions"}],"predecessor-version":[{"id":10998,"href":"https:\/\/www.ahne-international.de\/index.php?rest_route=\/wp\/v2\/posts\/10997\/revisions\/10998"}],"wp:attachment":[{"href":"https:\/\/www.ahne-international.de\/index.php?rest_route=%2Fwp%2Fv2%2Fmedia&parent=10997"}],"wp:term":[{"taxonomy":"category","embeddable":true,"href":"https:\/\/www.ahne-international.de\/index.php?rest_route=%2Fwp%2Fv2%2Fcategories&post=10997"},{"taxonomy":"post_tag","embeddable":true,"href":"https:\/\/www.ahne-international.de\/index.php?rest_route=%2Fwp%2Fv2%2Ftags&post=10997"}],"curies":[{"name":"wp","href":"https:\/\/api.w.org\/{rel}","templated":true}]}}