{"id":11005,"date":"2022-04-29T10:03:30","date_gmt":"2022-04-29T09:03:30","guid":{"rendered":"https:\/\/www.ahne-international.de\/?p=11005"},"modified":"2022-04-29T10:03:30","modified_gmt":"2022-04-29T09:03:30","slug":"corona-tagebuch-619","status":"publish","type":"post","link":"https:\/\/www.ahne-international.de\/?p=11005","title":{"rendered":"Corona-Tagebuch 619"},"content":{"rendered":"<p><span style=\"font-size: small;\">Gestern war ich in der H\u00f6hle des L\u00f6wen, nicht im Kreml, nein, in der H\u00f6hle eines erlegten L\u00f6wen, in der ehemaligen Stasi-Zentrale in Berlin-Lichtenberg, wo jetzt ein Museum drin ist und sie mich von Pontius zu Pilatus (oder hei\u00dft es Pilates?) schickten, bis ich im geheimnisvollen Haus 7 landete, in welchem ein Interview aufgezeichnet werden sollte und letzten Endes ja auch wurde. Pia, eine 22-j\u00e4hrige Studentin, stellte mir Fragen zu meinem Leben in der DDR, f\u00fcr eine &#8218;DDR-Box&#8216;, die Jugendliche sp\u00e4ter im Netz besichtigen sollen und ich antwortete, so gut ich eben konnte. Hoffentlich muss ich mir das selber nie anschauen. Bestimmt peinlich. Am Eingang durfte ich noch mal meine Impfbescheinigung vorweisen, es wurde allerdings nicht mehr richtig rauf geguckt. Bei zwei Fotografen, die vor mir standen, waren sie strenger. Trotz deren Beteuerung, sie seien geimpft, h\u00e4tten die Bescheinigung nur zuhause vergessen, durften diese nicht passieren, zumindest nicht in der Zeit, in der ich das beobachten konnte. Skurriles Relikt. An Berliner Kinderg\u00e4rten und Schulen soll die Testpflicht am 9. Mai enden. Bundesweit gesenkt wird demn\u00e4chst die Quarant\u00e4nepflicht f\u00fcr Infizierte, von 10 auf 5 Tage. Christian Drosten, Chefvirologe der Charite, verl\u00e4sst das Beratungsgremium f\u00fcr Bundesregierung und Parlament zum Infektionsschutzgesetz, weil er die unzureichende Ausstattung des Gremiums bem\u00e4ngelt. Er bleibt aber Mitglied des Corona-Expertenrates. Abseits davon geht der Krieg in der Ukraine weiter. Russland hat Polen und Bulgarien jetzt den Gashahn zugedreht. Die deutsche Partei &#8218;Die Linke&#8216; zerlegt sich selbst. Nach dem R\u00fccktritt einer der beiden Bundesvorsitzenden, wird der gesamte Vorstand neu gew\u00e4hlt. Innerhalb der Fraktion gibt es Sexismus-Vorw\u00fcrfe. Die Abgeordnete Martina Renner beklagt ein Grundklima, was \u00fcbergriffiges Verhalten befl\u00fcgele. Im ARD-Umfrage-Trend zur Schleswig\/Holstein-Landtagswahl wird &#8218;Die Linke&#8216; nicht mal mehr aufgef\u00fchrt, so schwach ist sie mittlerweile. Und das, w\u00e4hrend sich hierzulande die Gegens\u00e4tze zwischen Arm und Reich weiter versch\u00e4rfen, eine wirkliche soziale und wirtschaftliche Krise droht. Wohin werden sich Abgeh\u00e4ngte, von der Regierung Entt\u00e4uschte, wohl wenden? Die Cook-Inseln vermelden das erste Corona-Todesopfer. \u00dcber 135.000 Covid-19-Tote verzeichnet Deutschland. Und die Berliner Schwimmb\u00e4der? Sie senken zum Wochenende die Wassertemperaturen ihrer Becken. Um bis zu 2\u00b0C. Energiekosten sollen gespart werden.<\/span><\/p>\n<p><span style=\"font-size: small;\">Tipp f\u00fcr heute: Die gef\u00fctterten Badehosen aus dem Schrank holen.<\/span><\/p>\n","protected":false},"excerpt":{"rendered":"<p>Gestern war ich in der H\u00f6hle des L\u00f6wen, nicht im Kreml, nein, in der H\u00f6hle eines erlegten L\u00f6wen, in der ehemaligen Stasi-Zentrale in Berlin-Lichtenberg, wo jetzt ein Museum drin ist und sie mich von Pontius zu Pilatus (oder hei\u00dft es Pilates?) schickten, bis ich im geheimnisvollen Haus 7 landete, in welchem ein Interview aufgezeichnet werden [&hellip;]<\/p>\n","protected":false},"author":53,"featured_media":0,"comment_status":"open","ping_status":"open","sticky":false,"template":"","format":"standard","meta":{"footnotes":""},"categories":[1],"tags":[],"class_list":["post-11005","post","type-post","status-publish","format-standard","hentry","category-allgemein"],"_links":{"self":[{"href":"https:\/\/www.ahne-international.de\/index.php?rest_route=\/wp\/v2\/posts\/11005","targetHints":{"allow":["GET"]}}],"collection":[{"href":"https:\/\/www.ahne-international.de\/index.php?rest_route=\/wp\/v2\/posts"}],"about":[{"href":"https:\/\/www.ahne-international.de\/index.php?rest_route=\/wp\/v2\/types\/post"}],"author":[{"embeddable":true,"href":"https:\/\/www.ahne-international.de\/index.php?rest_route=\/wp\/v2\/users\/53"}],"replies":[{"embeddable":true,"href":"https:\/\/www.ahne-international.de\/index.php?rest_route=%2Fwp%2Fv2%2Fcomments&post=11005"}],"version-history":[{"count":1,"href":"https:\/\/www.ahne-international.de\/index.php?rest_route=\/wp\/v2\/posts\/11005\/revisions"}],"predecessor-version":[{"id":11006,"href":"https:\/\/www.ahne-international.de\/index.php?rest_route=\/wp\/v2\/posts\/11005\/revisions\/11006"}],"wp:attachment":[{"href":"https:\/\/www.ahne-international.de\/index.php?rest_route=%2Fwp%2Fv2%2Fmedia&parent=11005"}],"wp:term":[{"taxonomy":"category","embeddable":true,"href":"https:\/\/www.ahne-international.de\/index.php?rest_route=%2Fwp%2Fv2%2Fcategories&post=11005"},{"taxonomy":"post_tag","embeddable":true,"href":"https:\/\/www.ahne-international.de\/index.php?rest_route=%2Fwp%2Fv2%2Ftags&post=11005"}],"curies":[{"name":"wp","href":"https:\/\/api.w.org\/{rel}","templated":true}]}}