{"id":11049,"date":"2022-06-02T09:58:05","date_gmt":"2022-06-02T08:58:05","guid":{"rendered":"https:\/\/www.ahne-international.de\/?p=11049"},"modified":"2022-06-02T09:58:05","modified_gmt":"2022-06-02T08:58:05","slug":"der-fidel-castro-unter-den-liedermachern","status":"publish","type":"post","link":"https:\/\/www.ahne-international.de\/?p=11049","title":{"rendered":"Der Fidel Castro unter den Liedermachern"},"content":{"rendered":"<p>Ein Klappstuhl w\u00e4re ganz sch\u00f6n gewesen, dachte ich mir gestern mitten im Konzert des von mir sehr verehrten britischen Barden Billy Bragg im Neuk\u00f6llner Heimathafen (Dank an Jacinta Nandi, f\u00fcr die Eintrittskarte!), denn mein Englisch befindet sich leider auf dem Niveau eines Kindergartenkindes, eines ohne englischsprachige Eltern, und so konnte ich eben nicht erfassen, was Herr Bragg da zwischen den Liedern so zum Besten gab. Links und rechts neben mir wurde gelacht, zustimmend gemurmelt, auch mal spontan die Faust nach oben gereckt, ich hingegen hielt mir verstohlen die Hand vor den Mund, damit niemand mein G\u00e4hnen sieht. Glaube, er redete doppelt so lange, wie er sang. Gilt das dann \u00fcberhaupt noch als Konzert?<\/p>\n<p>Tipp f\u00fcr heute: B.B. spielt (spricht?) erneut im Heimathafen und morgen ebenso, jeweils ein anderes Programm.<\/p>\n","protected":false},"excerpt":{"rendered":"<p>Ein Klappstuhl w\u00e4re ganz sch\u00f6n gewesen, dachte ich mir gestern mitten im Konzert des von mir sehr verehrten britischen Barden Billy Bragg im Neuk\u00f6llner Heimathafen (Dank an Jacinta Nandi, f\u00fcr die Eintrittskarte!), denn mein Englisch befindet sich leider auf dem Niveau eines Kindergartenkindes, eines ohne englischsprachige Eltern, und so konnte ich eben nicht erfassen, was [&hellip;]<\/p>\n","protected":false},"author":53,"featured_media":0,"comment_status":"open","ping_status":"open","sticky":false,"template":"","format":"standard","meta":{"footnotes":""},"categories":[1],"tags":[],"class_list":["post-11049","post","type-post","status-publish","format-standard","hentry","category-allgemein"],"_links":{"self":[{"href":"https:\/\/www.ahne-international.de\/index.php?rest_route=\/wp\/v2\/posts\/11049","targetHints":{"allow":["GET"]}}],"collection":[{"href":"https:\/\/www.ahne-international.de\/index.php?rest_route=\/wp\/v2\/posts"}],"about":[{"href":"https:\/\/www.ahne-international.de\/index.php?rest_route=\/wp\/v2\/types\/post"}],"author":[{"embeddable":true,"href":"https:\/\/www.ahne-international.de\/index.php?rest_route=\/wp\/v2\/users\/53"}],"replies":[{"embeddable":true,"href":"https:\/\/www.ahne-international.de\/index.php?rest_route=%2Fwp%2Fv2%2Fcomments&post=11049"}],"version-history":[{"count":1,"href":"https:\/\/www.ahne-international.de\/index.php?rest_route=\/wp\/v2\/posts\/11049\/revisions"}],"predecessor-version":[{"id":11050,"href":"https:\/\/www.ahne-international.de\/index.php?rest_route=\/wp\/v2\/posts\/11049\/revisions\/11050"}],"wp:attachment":[{"href":"https:\/\/www.ahne-international.de\/index.php?rest_route=%2Fwp%2Fv2%2Fmedia&parent=11049"}],"wp:term":[{"taxonomy":"category","embeddable":true,"href":"https:\/\/www.ahne-international.de\/index.php?rest_route=%2Fwp%2Fv2%2Fcategories&post=11049"},{"taxonomy":"post_tag","embeddable":true,"href":"https:\/\/www.ahne-international.de\/index.php?rest_route=%2Fwp%2Fv2%2Ftags&post=11049"}],"curies":[{"name":"wp","href":"https:\/\/api.w.org\/{rel}","templated":true}]}}