{"id":11113,"date":"2022-07-31T09:33:40","date_gmt":"2022-07-31T08:33:40","guid":{"rendered":"https:\/\/www.ahne-international.de\/?p=11113"},"modified":"2022-07-31T09:33:40","modified_gmt":"2022-07-31T08:33:40","slug":"ihr-koennt-mich-jetzt-elektro-ahne-nennen","status":"publish","type":"post","link":"https:\/\/www.ahne-international.de\/?p=11113","title":{"rendered":"Ihr k\u00f6nnt mich jetzt Elektro-Ahne nennen"},"content":{"rendered":"<p>Sch\u00f6n war es. Richtung Osten fing es an zu nieseln, im Schlaubetal dann leichter Landregen. Und, siehe da, eine kleine Kr\u00f6te nutzte das feuchte Intermezzo, um vor uns \u00fcber den Weg zu h\u00fcpfen. Ich wollte ihr schon einen Kuss geben, erinnerte mich dann aber der weisen Worte des gro\u00dfen Kr\u00f6tenbesch\u00fctzers Heiko Werning, es sei besser mit Echsen und Amphibien nicht allzu intensiven K\u00f6rperkontakt einzugehen, da sowohl die Tiere, als auch wir Menschen Krankheits\u00fcbertr\u00e4ger sein k\u00f6nnten, f\u00fcr Infektionen, auf die das Gegen\u00fcber lieber verzichten wollen w\u00fcrde. Schade eigentlich, vielleicht w\u00e4re es ja eine verzauberte Prinzessin gewesen und ich h\u00e4tte nie wieder arbeiten gehen m\u00fcssen. Apropos, die Lesung auf dem Festival, na ja, ich wurde in so eine Art Chill-Out-Area verfrachtet, wo die Leute lieber pennen wollten, nach einer sicher anstrengenden Tanznacht. Dort st\u00f6rte ich nur. Immerhin aber berichtete mir die gute Rosemarie im Anschluss, ein paar h\u00e4tten durchaus interessiert zugeh\u00f6rt, einer, der habe sich sogar ein klein wenig n\u00e4her heran gesetzt. Dankesch\u00f6n. Konsumierte Drogen meinerseits: zweieinhalb Bier und ein Schluck Kaffee. Das wird heute sicherlich krasser.<\/p>\n<p>Heute: Berlin, <a href=\"http:\/\/www.f-i-t.org\">FIT-Tankstelle<\/a>, 19 Uhr: <a href=\"http:\/\/www.reformbuehne.de\">Reformb\u00fchne Heim &amp; Welt<\/a> mit Susanne Riedel, Spider, Falko Hennig, Frank Sorge, Gott und mich, sowie den \u00e4u\u00dferst talentierten Superstarg\u00e4sten Wladimir Kaminer (Anekdoten) und Johanna Zeul (engagierte Musik)<\/p>\n","protected":false},"excerpt":{"rendered":"<p>Sch\u00f6n war es. Richtung Osten fing es an zu nieseln, im Schlaubetal dann leichter Landregen. Und, siehe da, eine kleine Kr\u00f6te nutzte das feuchte Intermezzo, um vor uns \u00fcber den Weg zu h\u00fcpfen. Ich wollte ihr schon einen Kuss geben, erinnerte mich dann aber der weisen Worte des gro\u00dfen Kr\u00f6tenbesch\u00fctzers Heiko Werning, es sei besser [&hellip;]<\/p>\n","protected":false},"author":53,"featured_media":0,"comment_status":"open","ping_status":"open","sticky":false,"template":"","format":"standard","meta":{"footnotes":""},"categories":[1],"tags":[],"class_list":["post-11113","post","type-post","status-publish","format-standard","hentry","category-allgemein"],"_links":{"self":[{"href":"https:\/\/www.ahne-international.de\/index.php?rest_route=\/wp\/v2\/posts\/11113","targetHints":{"allow":["GET"]}}],"collection":[{"href":"https:\/\/www.ahne-international.de\/index.php?rest_route=\/wp\/v2\/posts"}],"about":[{"href":"https:\/\/www.ahne-international.de\/index.php?rest_route=\/wp\/v2\/types\/post"}],"author":[{"embeddable":true,"href":"https:\/\/www.ahne-international.de\/index.php?rest_route=\/wp\/v2\/users\/53"}],"replies":[{"embeddable":true,"href":"https:\/\/www.ahne-international.de\/index.php?rest_route=%2Fwp%2Fv2%2Fcomments&post=11113"}],"version-history":[{"count":1,"href":"https:\/\/www.ahne-international.de\/index.php?rest_route=\/wp\/v2\/posts\/11113\/revisions"}],"predecessor-version":[{"id":11114,"href":"https:\/\/www.ahne-international.de\/index.php?rest_route=\/wp\/v2\/posts\/11113\/revisions\/11114"}],"wp:attachment":[{"href":"https:\/\/www.ahne-international.de\/index.php?rest_route=%2Fwp%2Fv2%2Fmedia&parent=11113"}],"wp:term":[{"taxonomy":"category","embeddable":true,"href":"https:\/\/www.ahne-international.de\/index.php?rest_route=%2Fwp%2Fv2%2Fcategories&post=11113"},{"taxonomy":"post_tag","embeddable":true,"href":"https:\/\/www.ahne-international.de\/index.php?rest_route=%2Fwp%2Fv2%2Ftags&post=11113"}],"curies":[{"name":"wp","href":"https:\/\/api.w.org\/{rel}","templated":true}]}}