{"id":112,"date":"2008-05-03T11:16:39","date_gmt":"2008-05-03T10:16:39","guid":{"rendered":"http:\/\/www.ahne-international.de\/?p=112"},"modified":"2008-05-03T11:17:48","modified_gmt":"2008-05-03T10:17:48","slug":"2-mai-2008","status":"publish","type":"post","link":"https:\/\/www.ahne-international.de\/?p=112","title":{"rendered":"2. Mai 2008"},"content":{"rendered":"<p>Etwas weniger Personen als im letzten Jahr waren es diesmal, bei der Demonstration zum 4. Internationalen Kampf- und Feiertag der Arbeitslosen, was wahrscheinlich daran lag, dass der Klassenfeind den 2. Mai perfiderweise zum Br\u00fccken bauen missbrauchte. So bewegen sich die Sch\u00e4tzungen zwischen 50 (Polizei) und 50.000 (Konrad Endler) B\u00fcrgerrechtlern die auf der Sch\u00f6nhauser Allee ein freies, selbstbestimmtes Leben ohne Zwang zur Lohnarbeit forderten. Unsere B\u00fcndnisf\u00e4higkeit unterstrichen Abordnungen von Clowns, Kindern und Trinkern, die Gru\u00dfdelegationen schickten. Sabotiert wurde der diesj\u00e4hrige Aufzug von der Firma Auto-Tip aus dem Wedding, die uns eine unaufgeladene Fahrzeugbatterie andrehten, von der sie behaupteten, sie sei voll funktionsf\u00e4hig. Dadurch konnte der neu gebaute Diskorollstuhl, der dann eher einem Diskofahrrad ge\u00e4hnelt h\u00e4tte, nicht in Betrieb genommen werden. Spider hielt stattdessen eine flammende Rede, Tube sprach mit uns allen das &#8218;Gebet gegen die Arbeit&#8216; und Andreas Gl\u00e4ser nutzte die Gunst der Stunde zu einem zweist\u00fcndigen Saxophon-Konzert. Fotos zum 2. Mai 2008 findet man in <a href=\"http:\/\/www.hortkind.de\" target=\"_blank\">Konrad Endlers Blog<\/a>. Am 2. Mai 2009 treffen wir uns dann wieder zum ersten Jubil\u00e4um, dem 5. Internationalen Kampf- und Feiertag der Arbeitslosen, dann hoffentlich mit einer angemessen k\u00e4mpferischen Teilnehmerschar.<\/p>\n","protected":false},"excerpt":{"rendered":"<p>Etwas weniger Personen als im letzten Jahr waren es diesmal, bei der Demonstration zum 4. Internationalen Kampf- und Feiertag der Arbeitslosen, was wahrscheinlich daran lag, dass der Klassenfeind den 2. Mai perfiderweise zum Br\u00fccken bauen missbrauchte. So bewegen sich die Sch\u00e4tzungen zwischen 50 (Polizei) und 50.000 (Konrad Endler) B\u00fcrgerrechtlern die auf der Sch\u00f6nhauser Allee ein [&hellip;]<\/p>\n","protected":false},"author":53,"featured_media":0,"comment_status":"open","ping_status":"open","sticky":false,"template":"","format":"standard","meta":{"footnotes":""},"categories":[1],"tags":[],"class_list":["post-112","post","type-post","status-publish","format-standard","hentry","category-allgemein"],"_links":{"self":[{"href":"https:\/\/www.ahne-international.de\/index.php?rest_route=\/wp\/v2\/posts\/112","targetHints":{"allow":["GET"]}}],"collection":[{"href":"https:\/\/www.ahne-international.de\/index.php?rest_route=\/wp\/v2\/posts"}],"about":[{"href":"https:\/\/www.ahne-international.de\/index.php?rest_route=\/wp\/v2\/types\/post"}],"author":[{"embeddable":true,"href":"https:\/\/www.ahne-international.de\/index.php?rest_route=\/wp\/v2\/users\/53"}],"replies":[{"embeddable":true,"href":"https:\/\/www.ahne-international.de\/index.php?rest_route=%2Fwp%2Fv2%2Fcomments&post=112"}],"version-history":[{"count":0,"href":"https:\/\/www.ahne-international.de\/index.php?rest_route=\/wp\/v2\/posts\/112\/revisions"}],"wp:attachment":[{"href":"https:\/\/www.ahne-international.de\/index.php?rest_route=%2Fwp%2Fv2%2Fmedia&parent=112"}],"wp:term":[{"taxonomy":"category","embeddable":true,"href":"https:\/\/www.ahne-international.de\/index.php?rest_route=%2Fwp%2Fv2%2Fcategories&post=112"},{"taxonomy":"post_tag","embeddable":true,"href":"https:\/\/www.ahne-international.de\/index.php?rest_route=%2Fwp%2Fv2%2Ftags&post=112"}],"curies":[{"name":"wp","href":"https:\/\/api.w.org\/{rel}","templated":true}]}}