{"id":11430,"date":"2023-03-22T17:00:08","date_gmt":"2023-03-22T16:00:08","guid":{"rendered":"https:\/\/www.ahne-international.de\/?p=11430"},"modified":"2023-03-22T17:00:08","modified_gmt":"2023-03-22T16:00:08","slug":"in-eigener-sache-3","status":"publish","type":"post","link":"https:\/\/www.ahne-international.de\/?p=11430","title":{"rendered":"In eigener Sache"},"content":{"rendered":"<p>Das Buch ist da. Es wurde tats\u00e4chlich gedruckt. Das erste feste Buch von mir, also mit festem Umschlag. Das kann man jetzt prima einem \u00fcber den Kopp kloppen. Tut richtig weh. Was im Buch drin steht habe ich schon wieder vergessen. Aber wird gut sein, ist schlie\u00dflich von mir. Ich z\u00e4hle jetzt einfach mal ein paar Menschen auf, die auch schon B\u00fccher geschrieben haben: Goethe, Charlotte Link, Schiller, Heinrich von Kleist, George Orwell, Stephanie von Monaco (da bin ich mir allerdings nicht ganz so sicher), Stephen King, Fjodor Dostojewski, J.K. Rowling, Karl Marx, Juli Zeh, Christa Wolf, Isabel Allende, Leo Tolstoi, Stanislaw Lem, Bastian Schweinsteiger (oder ein anderer bekannter Fu\u00dfballer), Victor Hugo, Umberto Eco, T.C. Boyle, Heinrich Heine, Sibylle Berg, Thomas Mann. Und nun ich. Das Buch hei\u00dft &#8218;Wie ich mal ein Buch schrieb&#8216;. Quatsch! Es hei\u00dft: <a href=\"https:\/\/www.voland-quist.de\/wppb_works\/wie-ich-einmal-lebte\/\">&#8218;Wie ich einmal lebte&#8216;<\/a>. Und ich muss es schnell noch mal lesen, soll schlie\u00dflich daraus vorlesen, bei der Buchpremiere, im <a href=\"http:\/\/pfefferberg-theater.de\">Pfefferberg-Theater<\/a>, am 4.4. um 20 Uhr. Oder ich lass die ganze Zeit einfach <a href=\"https:\/\/www.youtube.com\/watch?v=6zRSD6kmvVQ\">Bernadette La Hengst<\/a> singen und h\u00f6re nur zu. <a href=\"https:\/\/secure.billeto.net\/basket\/event\/39\/-2063859531\">Ihr habt noch keine Karten<\/a>? Dann aber dalli, sind blo\u00df noch 8.000 St\u00fcck \u00fcbrig.<\/p>\n<p>Tipp f\u00fcr heute: 6, 15, 18, 22, 27, 36, Zusatzzahl Pi.<\/p>\n","protected":false},"excerpt":{"rendered":"<p>Das Buch ist da. Es wurde tats\u00e4chlich gedruckt. Das erste feste Buch von mir, also mit festem Umschlag. Das kann man jetzt prima einem \u00fcber den Kopp kloppen. Tut richtig weh. Was im Buch drin steht habe ich schon wieder vergessen. Aber wird gut sein, ist schlie\u00dflich von mir. Ich z\u00e4hle jetzt einfach mal ein [&hellip;]<\/p>\n","protected":false},"author":53,"featured_media":0,"comment_status":"open","ping_status":"open","sticky":false,"template":"","format":"standard","meta":{"footnotes":""},"categories":[1],"tags":[],"class_list":["post-11430","post","type-post","status-publish","format-standard","hentry","category-allgemein"],"_links":{"self":[{"href":"https:\/\/www.ahne-international.de\/index.php?rest_route=\/wp\/v2\/posts\/11430","targetHints":{"allow":["GET"]}}],"collection":[{"href":"https:\/\/www.ahne-international.de\/index.php?rest_route=\/wp\/v2\/posts"}],"about":[{"href":"https:\/\/www.ahne-international.de\/index.php?rest_route=\/wp\/v2\/types\/post"}],"author":[{"embeddable":true,"href":"https:\/\/www.ahne-international.de\/index.php?rest_route=\/wp\/v2\/users\/53"}],"replies":[{"embeddable":true,"href":"https:\/\/www.ahne-international.de\/index.php?rest_route=%2Fwp%2Fv2%2Fcomments&post=11430"}],"version-history":[{"count":1,"href":"https:\/\/www.ahne-international.de\/index.php?rest_route=\/wp\/v2\/posts\/11430\/revisions"}],"predecessor-version":[{"id":11431,"href":"https:\/\/www.ahne-international.de\/index.php?rest_route=\/wp\/v2\/posts\/11430\/revisions\/11431"}],"wp:attachment":[{"href":"https:\/\/www.ahne-international.de\/index.php?rest_route=%2Fwp%2Fv2%2Fmedia&parent=11430"}],"wp:term":[{"taxonomy":"category","embeddable":true,"href":"https:\/\/www.ahne-international.de\/index.php?rest_route=%2Fwp%2Fv2%2Fcategories&post=11430"},{"taxonomy":"post_tag","embeddable":true,"href":"https:\/\/www.ahne-international.de\/index.php?rest_route=%2Fwp%2Fv2%2Ftags&post=11430"}],"curies":[{"name":"wp","href":"https:\/\/api.w.org\/{rel}","templated":true}]}}