{"id":11734,"date":"2023-10-18T09:25:03","date_gmt":"2023-10-18T08:25:03","guid":{"rendered":"https:\/\/www.ahne-international.de\/?p=11734"},"modified":"2023-10-18T09:25:03","modified_gmt":"2023-10-18T08:25:03","slug":"mal-was-grundsaetzliches","status":"publish","type":"post","link":"https:\/\/www.ahne-international.de\/?p=11734","title":{"rendered":"Mal was Grunds\u00e4tzliches"},"content":{"rendered":"<p>Ich finde es schlimm, dass ich, wenn ich Nachrichten schaue, st\u00e4ndig das Gef\u00fchl bekomme, belehrt werden zu sollen und zwar so penetrant, dass sich bei mir selbst dann Widerstandsgeist regt, wenn ich derselben Meinung bin. Warum wird bei jeder sich bietenden Gelegenheit nicht vom Krieg in der Ukraine sondern vom &#8222;russischen Angriffskrieg&#8220; gesprochen, warum wird die AfD dauernd &#8222;in Teilen vom Verfassungsschutz als rechtsextremistisch eingesch\u00e4tzte AfD&#8220; genannt, warum die im Gaza-Streifen herrschende Hamas als &#8222;terroristisches Netzwerk Hamas&#8220; bezeichnet? Wird das nachrichtenschauende Publikum als so doof eingesch\u00e4tzt, dass es aufgrund von Meldungen und Hintergrundberichten, die Beurteilungen nicht selbst vornehmen kann? War das Publikum fr\u00fcher schlauer?<\/p>\n<p>Tipp f\u00fcr heute: Wenn, dann bitte auch die SPD immer &#8218;vom Verfassungsschutz nicht beobachtete sozialdemokratische deutsche Partei SPD&#8216; nennen. K\u00f6nnen wir die besser einordnen. Braucht es eben mehr Zeit f\u00fcr die Nachrichtensendungen.<\/p>\n","protected":false},"excerpt":{"rendered":"<p>Ich finde es schlimm, dass ich, wenn ich Nachrichten schaue, st\u00e4ndig das Gef\u00fchl bekomme, belehrt werden zu sollen und zwar so penetrant, dass sich bei mir selbst dann Widerstandsgeist regt, wenn ich derselben Meinung bin. Warum wird bei jeder sich bietenden Gelegenheit nicht vom Krieg in der Ukraine sondern vom &#8222;russischen Angriffskrieg&#8220; gesprochen, warum wird [&hellip;]<\/p>\n","protected":false},"author":53,"featured_media":0,"comment_status":"open","ping_status":"open","sticky":false,"template":"","format":"standard","meta":{"footnotes":""},"categories":[1],"tags":[],"class_list":["post-11734","post","type-post","status-publish","format-standard","hentry","category-allgemein"],"_links":{"self":[{"href":"https:\/\/www.ahne-international.de\/index.php?rest_route=\/wp\/v2\/posts\/11734","targetHints":{"allow":["GET"]}}],"collection":[{"href":"https:\/\/www.ahne-international.de\/index.php?rest_route=\/wp\/v2\/posts"}],"about":[{"href":"https:\/\/www.ahne-international.de\/index.php?rest_route=\/wp\/v2\/types\/post"}],"author":[{"embeddable":true,"href":"https:\/\/www.ahne-international.de\/index.php?rest_route=\/wp\/v2\/users\/53"}],"replies":[{"embeddable":true,"href":"https:\/\/www.ahne-international.de\/index.php?rest_route=%2Fwp%2Fv2%2Fcomments&post=11734"}],"version-history":[{"count":1,"href":"https:\/\/www.ahne-international.de\/index.php?rest_route=\/wp\/v2\/posts\/11734\/revisions"}],"predecessor-version":[{"id":11735,"href":"https:\/\/www.ahne-international.de\/index.php?rest_route=\/wp\/v2\/posts\/11734\/revisions\/11735"}],"wp:attachment":[{"href":"https:\/\/www.ahne-international.de\/index.php?rest_route=%2Fwp%2Fv2%2Fmedia&parent=11734"}],"wp:term":[{"taxonomy":"category","embeddable":true,"href":"https:\/\/www.ahne-international.de\/index.php?rest_route=%2Fwp%2Fv2%2Fcategories&post=11734"},{"taxonomy":"post_tag","embeddable":true,"href":"https:\/\/www.ahne-international.de\/index.php?rest_route=%2Fwp%2Fv2%2Ftags&post=11734"}],"curies":[{"name":"wp","href":"https:\/\/api.w.org\/{rel}","templated":true}]}}