{"id":1228,"date":"2011-08-22T13:43:01","date_gmt":"2011-08-22T12:43:01","guid":{"rendered":"http:\/\/www.ahne-international.de\/?p=1228"},"modified":"2011-08-22T21:01:36","modified_gmt":"2011-08-22T20:01:36","slug":"das-ist-demokratie-titel-geklaut-von-andreas-dorau","status":"publish","type":"post","link":"https:\/\/www.ahne-international.de\/?p=1228","title":{"rendered":"Das ist Demokratie (Titel geklaut von Andreas Dorau)"},"content":{"rendered":"<p>Vier Wochen vor dem Berliner Urnengang scheint der dazugeh\u00f6rige Wahlkampf endlich in Schwung zu kommen. Und, wer h\u00e4tte das gedacht, ausgerechnet durch die CDU. Deren Anf\u00fchrer Frank Henkel w\u00fcnscht sich n\u00e4mlich ein Stadtparlament ohne die, i glaub i spinne, FDP. Normalerweise halten diese beiden Parteien ja zusammen wie Pleiten, Pech und Pannen, nun aber soll das pl\u00f6tzlich nicht mehr gelten, denn, so Henkel: &#8222;Diese Yuppie-Boygroup braucht in Berlin niemand.&#8220; Richtig, Herr Henkel, wer aber braucht Sie? Die sogenannten Freien Demokraten dagegen versuchen nach vollkommen missgl\u00fcckter Plakatwerbung durch komplett irre Vorschl\u00e4ge zu punkten. So gab sich Landes- und Fraktionschef Christoph Meyer gener\u00f6s, als er, nachdem jemand beim Anz\u00fcnden eines Wahlplakates der FDP erwischt wurde, auf einen Strafantrag seiner Partei gegen diese verzichtete, falls &#8222;die T\u00e4ter ihre Schuld in einem sozialen Projekt gegen Linksextremismus abarbeiten&#8220;. Was f\u00fcr ein &#8222;soziales Projekt&#8220; dies sein solle, w\u00fcrde mich dann allerdings doch mal interessieren.<\/p>\n<p>Tipp f\u00fcr heute: Schnell ein soziales Projekt gegen Linksextremismus gr\u00fcnden, vielleicht eine Suppenk\u00fcche f\u00fcr B\u00f6rsenspekulanten oder so.<\/p>\n","protected":false},"excerpt":{"rendered":"<p>Vier Wochen vor dem Berliner Urnengang scheint der dazugeh\u00f6rige Wahlkampf endlich in Schwung zu kommen. Und, wer h\u00e4tte das gedacht, ausgerechnet durch die CDU. Deren Anf\u00fchrer Frank Henkel w\u00fcnscht sich n\u00e4mlich ein Stadtparlament ohne die, i glaub i spinne, FDP. Normalerweise halten diese beiden Parteien ja zusammen wie Pleiten, Pech und Pannen, nun aber soll [&hellip;]<\/p>\n","protected":false},"author":53,"featured_media":0,"comment_status":"open","ping_status":"open","sticky":false,"template":"","format":"standard","meta":{"footnotes":""},"categories":[1],"tags":[],"class_list":["post-1228","post","type-post","status-publish","format-standard","hentry","category-allgemein"],"_links":{"self":[{"href":"https:\/\/www.ahne-international.de\/index.php?rest_route=\/wp\/v2\/posts\/1228","targetHints":{"allow":["GET"]}}],"collection":[{"href":"https:\/\/www.ahne-international.de\/index.php?rest_route=\/wp\/v2\/posts"}],"about":[{"href":"https:\/\/www.ahne-international.de\/index.php?rest_route=\/wp\/v2\/types\/post"}],"author":[{"embeddable":true,"href":"https:\/\/www.ahne-international.de\/index.php?rest_route=\/wp\/v2\/users\/53"}],"replies":[{"embeddable":true,"href":"https:\/\/www.ahne-international.de\/index.php?rest_route=%2Fwp%2Fv2%2Fcomments&post=1228"}],"version-history":[{"count":0,"href":"https:\/\/www.ahne-international.de\/index.php?rest_route=\/wp\/v2\/posts\/1228\/revisions"}],"wp:attachment":[{"href":"https:\/\/www.ahne-international.de\/index.php?rest_route=%2Fwp%2Fv2%2Fmedia&parent=1228"}],"wp:term":[{"taxonomy":"category","embeddable":true,"href":"https:\/\/www.ahne-international.de\/index.php?rest_route=%2Fwp%2Fv2%2Fcategories&post=1228"},{"taxonomy":"post_tag","embeddable":true,"href":"https:\/\/www.ahne-international.de\/index.php?rest_route=%2Fwp%2Fv2%2Ftags&post=1228"}],"curies":[{"name":"wp","href":"https:\/\/api.w.org\/{rel}","templated":true}]}}