{"id":12451,"date":"2025-02-08T09:40:41","date_gmt":"2025-02-08T08:40:41","guid":{"rendered":"https:\/\/www.ahne-international.de\/?p=12451"},"modified":"2025-02-08T09:40:41","modified_gmt":"2025-02-08T08:40:41","slug":"glueckwunsch-2","status":"publish","type":"post","link":"https:\/\/www.ahne-international.de\/?p=12451","title":{"rendered":"Gl\u00fcckwunsch"},"content":{"rendered":"<p>Neuer Intendant der Berliner Volksb\u00fchne wird Matthias Lilienthal. Ich kenne mich in Theaterangelegenheiten nicht aus, aber laut dem RBB &#8222;sprach auch einiges gegen seine Ernennung&#8220;. N\u00e4mlich: &#8222;Mit dem 65-J\u00e4hrigen wei\u00dfen Mann kommt nun eben gerade nicht die junge, weibliche, diverse Leitung, die dem Haus mal in Aussicht gestellt worden war.&#8220; Dieser identit\u00e4re Mist st\u00f6\u00dft sicherlich nur mir \u00fcbel auf, weil ich selbst alt und wei\u00df und m\u00e4nnlich bin. Muss kurz mal auf &#8217;s Klo.<\/p>\n<p>Heute: Berlin, Alte Kantine, 20 Uhr: <a href=\"http:\/\/www.kantinenlesen.de\">Kantinenlesen<\/a> mit Maik Martschinkowsky, Andreas &#8218;Spider&#8216; Krenzke, Thilo Bock, Dan Richter und mich (keine Jungen, Weiblichen, Diversen, kannste also inne Tonne treten)<\/p>\n","protected":false},"excerpt":{"rendered":"<p>Neuer Intendant der Berliner Volksb\u00fchne wird Matthias Lilienthal. Ich kenne mich in Theaterangelegenheiten nicht aus, aber laut dem RBB &#8222;sprach auch einiges gegen seine Ernennung&#8220;. N\u00e4mlich: &#8222;Mit dem 65-J\u00e4hrigen wei\u00dfen Mann kommt nun eben gerade nicht die junge, weibliche, diverse Leitung, die dem Haus mal in Aussicht gestellt worden war.&#8220; Dieser identit\u00e4re Mist st\u00f6\u00dft sicherlich [&hellip;]<\/p>\n","protected":false},"author":53,"featured_media":0,"comment_status":"open","ping_status":"open","sticky":false,"template":"","format":"standard","meta":{"footnotes":""},"categories":[1],"tags":[],"class_list":["post-12451","post","type-post","status-publish","format-standard","hentry","category-allgemein"],"_links":{"self":[{"href":"https:\/\/www.ahne-international.de\/index.php?rest_route=\/wp\/v2\/posts\/12451","targetHints":{"allow":["GET"]}}],"collection":[{"href":"https:\/\/www.ahne-international.de\/index.php?rest_route=\/wp\/v2\/posts"}],"about":[{"href":"https:\/\/www.ahne-international.de\/index.php?rest_route=\/wp\/v2\/types\/post"}],"author":[{"embeddable":true,"href":"https:\/\/www.ahne-international.de\/index.php?rest_route=\/wp\/v2\/users\/53"}],"replies":[{"embeddable":true,"href":"https:\/\/www.ahne-international.de\/index.php?rest_route=%2Fwp%2Fv2%2Fcomments&post=12451"}],"version-history":[{"count":1,"href":"https:\/\/www.ahne-international.de\/index.php?rest_route=\/wp\/v2\/posts\/12451\/revisions"}],"predecessor-version":[{"id":12452,"href":"https:\/\/www.ahne-international.de\/index.php?rest_route=\/wp\/v2\/posts\/12451\/revisions\/12452"}],"wp:attachment":[{"href":"https:\/\/www.ahne-international.de\/index.php?rest_route=%2Fwp%2Fv2%2Fmedia&parent=12451"}],"wp:term":[{"taxonomy":"category","embeddable":true,"href":"https:\/\/www.ahne-international.de\/index.php?rest_route=%2Fwp%2Fv2%2Fcategories&post=12451"},{"taxonomy":"post_tag","embeddable":true,"href":"https:\/\/www.ahne-international.de\/index.php?rest_route=%2Fwp%2Fv2%2Ftags&post=12451"}],"curies":[{"name":"wp","href":"https:\/\/api.w.org\/{rel}","templated":true}]}}