{"id":12496,"date":"2025-03-05T18:46:33","date_gmt":"2025-03-05T17:46:33","guid":{"rendered":"https:\/\/www.ahne-international.de\/?p=12496"},"modified":"2025-03-05T18:46:33","modified_gmt":"2025-03-05T17:46:33","slug":"selbstkritik","status":"publish","type":"post","link":"https:\/\/www.ahne-international.de\/?p=12496","title":{"rendered":"Selbstkritik"},"content":{"rendered":"<p>Ich bin nur ein kleines M\u00e4nnlein, wei\u00df, ich habe so viele Schw\u00e4chen. Meine Naivit\u00e4t zum Beispiel. Gerade habe ich mir gedacht, wo doch jetzt so ein dickes Paket geschn\u00fcrt wird, 500 Milliarden oder so, f\u00fcr unsere Verteidigung, wir m\u00fcssen uns schlie\u00dflich verteidigen k\u00f6nnen, wer auch immer &#8222;wir&#8220; ist, da w\u00fcrden doch ein paar Milli\u00f6nchen, davon abgeknipst, gar nicht weiter auffallen. Ich aber w\u00fcrde mich schon \u00fcber eine einzige dieser Millionen sehr, sehr freuen. Sehr, sehr, sehr sogar! Und vielleicht ja zwei, drei andere ebenfalls? Machst du einen gl\u00fccklich, machst du die ganze Menschheit gl\u00fccklich. Kann man es nicht auch mal so sehen? Und f\u00fcr all jene, die &#8222;unsere&#8220; Aufr\u00fcstung f\u00fcr alternativlos halten, w\u00fcrdet ihr s\u00e4mtlichen L\u00e4ndern der Erde \u00c4hnliches empfehlen? Alle sollten sich m\u00f6glichst auch atomar bewaffnen? Frieden durch Abschreckung? Oder gilt das nur f\u00fcr Europa, beziehungsweise Deutschland?<\/p>\n<p>Tipp f\u00fcr heute: Es gab mal so eine Idee, wo sich die Menschen nicht gegeneinander aufhetzen lassen wollten. Voll naiv, oder?<\/p>\n","protected":false},"excerpt":{"rendered":"<p>Ich bin nur ein kleines M\u00e4nnlein, wei\u00df, ich habe so viele Schw\u00e4chen. Meine Naivit\u00e4t zum Beispiel. Gerade habe ich mir gedacht, wo doch jetzt so ein dickes Paket geschn\u00fcrt wird, 500 Milliarden oder so, f\u00fcr unsere Verteidigung, wir m\u00fcssen uns schlie\u00dflich verteidigen k\u00f6nnen, wer auch immer &#8222;wir&#8220; ist, da w\u00fcrden doch ein paar Milli\u00f6nchen, davon [&hellip;]<\/p>\n","protected":false},"author":53,"featured_media":0,"comment_status":"open","ping_status":"open","sticky":false,"template":"","format":"standard","meta":{"footnotes":""},"categories":[1],"tags":[],"class_list":["post-12496","post","type-post","status-publish","format-standard","hentry","category-allgemein"],"_links":{"self":[{"href":"https:\/\/www.ahne-international.de\/index.php?rest_route=\/wp\/v2\/posts\/12496","targetHints":{"allow":["GET"]}}],"collection":[{"href":"https:\/\/www.ahne-international.de\/index.php?rest_route=\/wp\/v2\/posts"}],"about":[{"href":"https:\/\/www.ahne-international.de\/index.php?rest_route=\/wp\/v2\/types\/post"}],"author":[{"embeddable":true,"href":"https:\/\/www.ahne-international.de\/index.php?rest_route=\/wp\/v2\/users\/53"}],"replies":[{"embeddable":true,"href":"https:\/\/www.ahne-international.de\/index.php?rest_route=%2Fwp%2Fv2%2Fcomments&post=12496"}],"version-history":[{"count":1,"href":"https:\/\/www.ahne-international.de\/index.php?rest_route=\/wp\/v2\/posts\/12496\/revisions"}],"predecessor-version":[{"id":12497,"href":"https:\/\/www.ahne-international.de\/index.php?rest_route=\/wp\/v2\/posts\/12496\/revisions\/12497"}],"wp:attachment":[{"href":"https:\/\/www.ahne-international.de\/index.php?rest_route=%2Fwp%2Fv2%2Fmedia&parent=12496"}],"wp:term":[{"taxonomy":"category","embeddable":true,"href":"https:\/\/www.ahne-international.de\/index.php?rest_route=%2Fwp%2Fv2%2Fcategories&post=12496"},{"taxonomy":"post_tag","embeddable":true,"href":"https:\/\/www.ahne-international.de\/index.php?rest_route=%2Fwp%2Fv2%2Ftags&post=12496"}],"curies":[{"name":"wp","href":"https:\/\/api.w.org\/{rel}","templated":true}]}}