{"id":12636,"date":"2025-06-22T09:06:29","date_gmt":"2025-06-22T08:06:29","guid":{"rendered":"https:\/\/www.ahne-international.de\/?p=12636"},"modified":"2025-06-22T09:06:29","modified_gmt":"2025-06-22T08:06:29","slug":"suesser-die-glocken-nie-klingen","status":"publish","type":"post","link":"https:\/\/www.ahne-international.de\/?p=12636","title":{"rendered":"S\u00fc\u00dfer die Glocken nie klingen"},"content":{"rendered":"<p>Die Meisten vergessen ja, dass bald schon wieder Weihnachten ist. Schuld ist das Wetter. Sonne scheint. Es ist warm, sogar hei\u00df, ab und zu. Die Menschen tragen weder Pudelm\u00fctzen, noch Schals oder F\u00e4ustlinge. Da kann man das rechtzeitige Erwerben von Geschenken f\u00fcr die Liebsten schon mal vergessen. Aber ihr habt Gl\u00fcck. Ihr habt ja mich, euren Erinnerer. Also, es sind nur noch 6 Monate und l\u00e4cherliche 2 Tage (Quersumme 8) bis die Pr\u00e4sente unterm Baum liegen m\u00fcssen, fertig verpackt. Und jetzt: Obacht! Die Reformb\u00fchne Heim &amp; Welt, sie hat ein <a href=\"https:\/\/www.shoptyr.de\/epages\/82748427.sf\/de_DE\/?ObjectPath=\/Shops\/82748427\/Products\/9783910775374\">neues Buch<\/a> herausgebracht, in welchem die besten Texte der Literaturgeschichte versammelt sind. Diese stammen n\u00e4mlich zuf\u00e4lligerweise allesamt von Mitgliedern der Reformb\u00fchne Heim &amp; Welt. Das Buch, es hei\u00dft <a href=\"https:\/\/www.shoptyr.de\/epages\/82748427.sf\/de_DE\/?ObjectPath=\/Shops\/82748427\/Products\/9783910775374\">&#8218;Schnauze&#8216;<\/a> und ist im Satyr-Verlag erschienen. Und, unter uns, <a href=\"https:\/\/www.shoptyr.de\/epages\/82748427.sf\/de_DE\/?ObjectPath=\/Shops\/82748427\/Products\/9783910775374\">dieses Buch<\/a> gibt es heute Abend in der <a href=\"http:\/\/www.f-i-t.org\">FIT-Tankstelle<\/a> im Prenzlauer Berg. Falls ihr also clever seid, kauft ihr gleich drei <a href=\"https:\/\/www.shoptyr.de\/epages\/82748427.sf\/de_DE\/?ObjectPath=\/Shops\/82748427\/Products\/9783910775374\">davon<\/a>, oder einfach f\u00fcr jeden, den ihr beschenken wollt, <a href=\"https:\/\/www.shoptyr.de\/epages\/82748427.sf\/de_DE\/?ObjectPath=\/Shops\/82748427\/Products\/9783910775374\">eines<\/a>, dann seid ihr fein raus, aus dem Schneider, und k\u00f6nnt bis zum Fest chillen.<\/p>\n<p>Heute: Berlin, <a href=\"http:\/\/www.f-i-t.org\">Freie Internationale Tankstelle<\/a>, 19 Uhr: <a href=\"http:\/\/www.reformbuehne.de\">Reformb\u00fchne Heim &amp; Welt<\/a> mit Susanne M. Riedel, Heiko Werning, Andreas &#8218;Spider&#8216; Krenzke, Frank Sorge, Gott und mich, sowie den phantastischen Superstarg\u00e4sten Franziska Hauser (ehemalige Scherzartikelverk\u00e4uferin) und Lukas Meister (ehemaliger &#8218;Flowmeister&#8216; bei der Hiphop-Formation &#8218;RockRainer&#8216;)<\/p>\n","protected":false},"excerpt":{"rendered":"<p>Die Meisten vergessen ja, dass bald schon wieder Weihnachten ist. Schuld ist das Wetter. Sonne scheint. Es ist warm, sogar hei\u00df, ab und zu. Die Menschen tragen weder Pudelm\u00fctzen, noch Schals oder F\u00e4ustlinge. Da kann man das rechtzeitige Erwerben von Geschenken f\u00fcr die Liebsten schon mal vergessen. Aber ihr habt Gl\u00fcck. Ihr habt ja mich, [&hellip;]<\/p>\n","protected":false},"author":53,"featured_media":0,"comment_status":"open","ping_status":"open","sticky":false,"template":"","format":"standard","meta":{"footnotes":""},"categories":[1],"tags":[],"class_list":["post-12636","post","type-post","status-publish","format-standard","hentry","category-allgemein"],"_links":{"self":[{"href":"https:\/\/www.ahne-international.de\/index.php?rest_route=\/wp\/v2\/posts\/12636","targetHints":{"allow":["GET"]}}],"collection":[{"href":"https:\/\/www.ahne-international.de\/index.php?rest_route=\/wp\/v2\/posts"}],"about":[{"href":"https:\/\/www.ahne-international.de\/index.php?rest_route=\/wp\/v2\/types\/post"}],"author":[{"embeddable":true,"href":"https:\/\/www.ahne-international.de\/index.php?rest_route=\/wp\/v2\/users\/53"}],"replies":[{"embeddable":true,"href":"https:\/\/www.ahne-international.de\/index.php?rest_route=%2Fwp%2Fv2%2Fcomments&post=12636"}],"version-history":[{"count":1,"href":"https:\/\/www.ahne-international.de\/index.php?rest_route=\/wp\/v2\/posts\/12636\/revisions"}],"predecessor-version":[{"id":12637,"href":"https:\/\/www.ahne-international.de\/index.php?rest_route=\/wp\/v2\/posts\/12636\/revisions\/12637"}],"wp:attachment":[{"href":"https:\/\/www.ahne-international.de\/index.php?rest_route=%2Fwp%2Fv2%2Fmedia&parent=12636"}],"wp:term":[{"taxonomy":"category","embeddable":true,"href":"https:\/\/www.ahne-international.de\/index.php?rest_route=%2Fwp%2Fv2%2Fcategories&post=12636"},{"taxonomy":"post_tag","embeddable":true,"href":"https:\/\/www.ahne-international.de\/index.php?rest_route=%2Fwp%2Fv2%2Ftags&post=12636"}],"curies":[{"name":"wp","href":"https:\/\/api.w.org\/{rel}","templated":true}]}}