{"id":12683,"date":"2025-07-23T10:30:36","date_gmt":"2025-07-23T09:30:36","guid":{"rendered":"https:\/\/www.ahne-international.de\/?p=12683"},"modified":"2025-07-23T10:30:36","modified_gmt":"2025-07-23T09:30:36","slug":"blick-in-die-zukunft","status":"publish","type":"post","link":"https:\/\/www.ahne-international.de\/?p=12683","title":{"rendered":"Blick in die Zukunft"},"content":{"rendered":"<p>M\u00f6glicherweise werde ich demn\u00e4chst Food-Influenzer. Ich muss mir noch die F\u00e4higkeit aneignen, mit der Digital-Kamera, die ich geschenkt bekam (danke, Ulla Ziemann), Fotos von Essen zu machen. Das ist sehr, sehr schwierig. Aber ich melde mich f\u00fcr einen Volkshochschulkurs an, wenn ich mein n\u00e4chstes Buch fertiggeschrieben und ein paar interne Probleme (z.B. Nahost-Krise) gel\u00f6st habe. Dann geht es los, um nicht zu sagen: &#8222;Dann geht es lo-hos!&#8220; Als erstes werde ich vermutlich Fotos von einer Stulle posten. Seid ihr auch schon so gespannt?<\/p>\n<p>Tipp f\u00fcr heute: Werdet am besten jetzt bereits Follower.<\/p>\n","protected":false},"excerpt":{"rendered":"<p>M\u00f6glicherweise werde ich demn\u00e4chst Food-Influenzer. Ich muss mir noch die F\u00e4higkeit aneignen, mit der Digital-Kamera, die ich geschenkt bekam (danke, Ulla Ziemann), Fotos von Essen zu machen. Das ist sehr, sehr schwierig. Aber ich melde mich f\u00fcr einen Volkshochschulkurs an, wenn ich mein n\u00e4chstes Buch fertiggeschrieben und ein paar interne Probleme (z.B. Nahost-Krise) gel\u00f6st habe. [&hellip;]<\/p>\n","protected":false},"author":53,"featured_media":0,"comment_status":"open","ping_status":"open","sticky":false,"template":"","format":"standard","meta":{"footnotes":""},"categories":[1],"tags":[],"class_list":["post-12683","post","type-post","status-publish","format-standard","hentry","category-allgemein"],"_links":{"self":[{"href":"https:\/\/www.ahne-international.de\/index.php?rest_route=\/wp\/v2\/posts\/12683","targetHints":{"allow":["GET"]}}],"collection":[{"href":"https:\/\/www.ahne-international.de\/index.php?rest_route=\/wp\/v2\/posts"}],"about":[{"href":"https:\/\/www.ahne-international.de\/index.php?rest_route=\/wp\/v2\/types\/post"}],"author":[{"embeddable":true,"href":"https:\/\/www.ahne-international.de\/index.php?rest_route=\/wp\/v2\/users\/53"}],"replies":[{"embeddable":true,"href":"https:\/\/www.ahne-international.de\/index.php?rest_route=%2Fwp%2Fv2%2Fcomments&post=12683"}],"version-history":[{"count":1,"href":"https:\/\/www.ahne-international.de\/index.php?rest_route=\/wp\/v2\/posts\/12683\/revisions"}],"predecessor-version":[{"id":12684,"href":"https:\/\/www.ahne-international.de\/index.php?rest_route=\/wp\/v2\/posts\/12683\/revisions\/12684"}],"wp:attachment":[{"href":"https:\/\/www.ahne-international.de\/index.php?rest_route=%2Fwp%2Fv2%2Fmedia&parent=12683"}],"wp:term":[{"taxonomy":"category","embeddable":true,"href":"https:\/\/www.ahne-international.de\/index.php?rest_route=%2Fwp%2Fv2%2Fcategories&post=12683"},{"taxonomy":"post_tag","embeddable":true,"href":"https:\/\/www.ahne-international.de\/index.php?rest_route=%2Fwp%2Fv2%2Ftags&post=12683"}],"curies":[{"name":"wp","href":"https:\/\/api.w.org\/{rel}","templated":true}]}}