{"id":12884,"date":"2025-12-25T09:05:12","date_gmt":"2025-12-25T08:05:12","guid":{"rendered":"https:\/\/www.ahne-international.de\/?p=12884"},"modified":"2025-12-25T09:05:12","modified_gmt":"2025-12-25T08:05:12","slug":"kalt-war-es-ausserdem","status":"publish","type":"post","link":"https:\/\/www.ahne-international.de\/?p=12884","title":{"rendered":"Kalt war es au\u00dferdem"},"content":{"rendered":"<p>Als ich gestern Abend spazieren ging und am Himmel die leuchtend goldene Sichel des Mondes erblickte, dachte ich kurz, aha, der Friedenspreistr\u00e4ger des Fu\u00dfball-Zaren Giovanni Infantilo (Name mag \u00c4hnlichkeit mit tats\u00e4chlich lebenden Personen haben), der b\u00f6se M\u00f6hrenmann, sieht diese Mondsichel jetzt wom\u00f6glich ebenfalls, und die Frau im Sudan, die auf der Suche nach Lebensmitteln und einem sch\u00fctzenden Ort f\u00fcr sich und ihre Kinder ist, und der SUV-Fahrer in Bagdad und das Kind in Santiago de Chile und der schlaue Fuchs und das Usambara-Veilchen auf deinem Fensterbrett auch. Ach nein, das Usambara-Veilchen, das hat ja keine Augen, zumindest sind sie noch nicht entdeckt worden.<\/p>\n<p>Tipp f\u00fcr heute: Einfach mal ignorieren, dass der Mond in anderen Erdteilen mit blo\u00dfem Auge zu v\u00f6llig anderen Zeiten zu sehen ist und sich dann auch anders pr\u00e4sentiert.<\/p>\n","protected":false},"excerpt":{"rendered":"<p>Als ich gestern Abend spazieren ging und am Himmel die leuchtend goldene Sichel des Mondes erblickte, dachte ich kurz, aha, der Friedenspreistr\u00e4ger des Fu\u00dfball-Zaren Giovanni Infantilo (Name mag \u00c4hnlichkeit mit tats\u00e4chlich lebenden Personen haben), der b\u00f6se M\u00f6hrenmann, sieht diese Mondsichel jetzt wom\u00f6glich ebenfalls, und die Frau im Sudan, die auf der Suche nach Lebensmitteln und [&hellip;]<\/p>\n","protected":false},"author":53,"featured_media":0,"comment_status":"open","ping_status":"open","sticky":false,"template":"","format":"standard","meta":{"footnotes":""},"categories":[1],"tags":[],"class_list":["post-12884","post","type-post","status-publish","format-standard","hentry","category-allgemein"],"_links":{"self":[{"href":"https:\/\/www.ahne-international.de\/index.php?rest_route=\/wp\/v2\/posts\/12884","targetHints":{"allow":["GET"]}}],"collection":[{"href":"https:\/\/www.ahne-international.de\/index.php?rest_route=\/wp\/v2\/posts"}],"about":[{"href":"https:\/\/www.ahne-international.de\/index.php?rest_route=\/wp\/v2\/types\/post"}],"author":[{"embeddable":true,"href":"https:\/\/www.ahne-international.de\/index.php?rest_route=\/wp\/v2\/users\/53"}],"replies":[{"embeddable":true,"href":"https:\/\/www.ahne-international.de\/index.php?rest_route=%2Fwp%2Fv2%2Fcomments&post=12884"}],"version-history":[{"count":1,"href":"https:\/\/www.ahne-international.de\/index.php?rest_route=\/wp\/v2\/posts\/12884\/revisions"}],"predecessor-version":[{"id":12885,"href":"https:\/\/www.ahne-international.de\/index.php?rest_route=\/wp\/v2\/posts\/12884\/revisions\/12885"}],"wp:attachment":[{"href":"https:\/\/www.ahne-international.de\/index.php?rest_route=%2Fwp%2Fv2%2Fmedia&parent=12884"}],"wp:term":[{"taxonomy":"category","embeddable":true,"href":"https:\/\/www.ahne-international.de\/index.php?rest_route=%2Fwp%2Fv2%2Fcategories&post=12884"},{"taxonomy":"post_tag","embeddable":true,"href":"https:\/\/www.ahne-international.de\/index.php?rest_route=%2Fwp%2Fv2%2Ftags&post=12884"}],"curies":[{"name":"wp","href":"https:\/\/api.w.org\/{rel}","templated":true}]}}