{"id":12953,"date":"2026-02-04T09:07:20","date_gmt":"2026-02-04T08:07:20","guid":{"rendered":"https:\/\/www.ahne-international.de\/?p=12953"},"modified":"2026-02-04T09:07:20","modified_gmt":"2026-02-04T08:07:20","slug":"onkelchen-erklaert","status":"publish","type":"post","link":"https:\/\/www.ahne-international.de\/?p=12953","title":{"rendered":"Onkelchen erkl\u00e4rt"},"content":{"rendered":"<p>Der RBB \u00fcberrascht immer mal wieder durch Schlagzeilen, die bisherigen wissenschaftlichen Erkenntnissen Hohn zu sprechen scheinen. &#8222;Gl\u00e4ttegefahr nimmt trotz Plusgraden zu&#8220; hei\u00dft es seit gestern auf der Internetseite des Senders. Das ist nat\u00fcrlich Quatsch und gleichzeitig stimmt es auch wieder. Kommt eben darauf an, wo diese Plusgrade zu finden sind. Ist es in h\u00f6heren Luftschichten \u00fcber null Grad, kann dort aus den Wolken Regen fallen, der in unteren Luftschichten beziehungsweise am Boden, wo unter null Grad herrschen, gefriert. Dort wird es dann glatt (Minustemperaturen = Wasser wechselt den Aggregatzustand, bleibt auch weiterhin so). Schuld an der Gl\u00e4tte sind also nicht die Plusgrade in der H\u00f6he sondern die Minusgrade am Boden, beziehungsweise in der bodennahen Luftschicht. Aber &#8222;Gl\u00e4ttegefahr nimmt wegen Minustemperaturen in bodennaher Luftschicht bei gleichzeitigem Regen aus w\u00e4rmerer H\u00f6henluftschicht zu&#8220; zeckt eben nicht so und vielleicht, das kann sein, k\u00f6nnen tiktokgewohnte Nachrichtenkonsumentinnen und -menten so eine lange Schlagzeile gar nicht mehr zuende lesen ohne eingeschlafen zu sein. Na ja, widersprechen wird mir von denen niemand, die sind l\u00e4ngst woanders.<\/p>\n<p>Tipp f\u00fcr heute: Im Sommer gibt es manchmal Hagel. Trotz Plusgraden! Wie kommt das denn nun wieder? Mal recherchieren (oder wie moderne Nachrichtenredakteurinnen und -eure gerne schreiben &#8222;nachrecherchieren&#8220;).<\/p>\n","protected":false},"excerpt":{"rendered":"<p>Der RBB \u00fcberrascht immer mal wieder durch Schlagzeilen, die bisherigen wissenschaftlichen Erkenntnissen Hohn zu sprechen scheinen. &#8222;Gl\u00e4ttegefahr nimmt trotz Plusgraden zu&#8220; hei\u00dft es seit gestern auf der Internetseite des Senders. Das ist nat\u00fcrlich Quatsch und gleichzeitig stimmt es auch wieder. Kommt eben darauf an, wo diese Plusgrade zu finden sind. Ist es in h\u00f6heren Luftschichten [&hellip;]<\/p>\n","protected":false},"author":53,"featured_media":0,"comment_status":"open","ping_status":"open","sticky":false,"template":"","format":"standard","meta":{"footnotes":""},"categories":[1],"tags":[],"class_list":["post-12953","post","type-post","status-publish","format-standard","hentry","category-allgemein"],"_links":{"self":[{"href":"https:\/\/www.ahne-international.de\/index.php?rest_route=\/wp\/v2\/posts\/12953","targetHints":{"allow":["GET"]}}],"collection":[{"href":"https:\/\/www.ahne-international.de\/index.php?rest_route=\/wp\/v2\/posts"}],"about":[{"href":"https:\/\/www.ahne-international.de\/index.php?rest_route=\/wp\/v2\/types\/post"}],"author":[{"embeddable":true,"href":"https:\/\/www.ahne-international.de\/index.php?rest_route=\/wp\/v2\/users\/53"}],"replies":[{"embeddable":true,"href":"https:\/\/www.ahne-international.de\/index.php?rest_route=%2Fwp%2Fv2%2Fcomments&post=12953"}],"version-history":[{"count":1,"href":"https:\/\/www.ahne-international.de\/index.php?rest_route=\/wp\/v2\/posts\/12953\/revisions"}],"predecessor-version":[{"id":12954,"href":"https:\/\/www.ahne-international.de\/index.php?rest_route=\/wp\/v2\/posts\/12953\/revisions\/12954"}],"wp:attachment":[{"href":"https:\/\/www.ahne-international.de\/index.php?rest_route=%2Fwp%2Fv2%2Fmedia&parent=12953"}],"wp:term":[{"taxonomy":"category","embeddable":true,"href":"https:\/\/www.ahne-international.de\/index.php?rest_route=%2Fwp%2Fv2%2Fcategories&post=12953"},{"taxonomy":"post_tag","embeddable":true,"href":"https:\/\/www.ahne-international.de\/index.php?rest_route=%2Fwp%2Fv2%2Ftags&post=12953"}],"curies":[{"name":"wp","href":"https:\/\/api.w.org\/{rel}","templated":true}]}}