{"id":13031,"date":"2026-03-17T16:56:42","date_gmt":"2026-03-17T15:56:42","guid":{"rendered":"https:\/\/www.ahne-international.de\/?p=13031"},"modified":"2026-03-17T16:56:42","modified_gmt":"2026-03-17T15:56:42","slug":"weil-es-den-nachrichten-keine-meldung-wert-war","status":"publish","type":"post","link":"https:\/\/www.ahne-international.de\/?p=13031","title":{"rendered":"Weil es den Nachrichten keine Meldung wert war"},"content":{"rendered":"<p>Das <a href=\"https:\/\/www.shoptyr.de\/epages\/82748427.sf\/de_DE\/?ObjectPath=\/Shops\/82748427\/Products\/9783910775527\">neue Buch<\/a> ist jetzt wirklich da. Es liegt hier bei mir zuhause. Vorhin (15 Uhr) kam ein Bote mit einem Paket und da war es drin. Es sieht folgenderma\u00dfen aus (ich habe momentan leider keinen Fotoapparillo, sonst k\u00f6nnte ich ein Foto von ihm fotografieren und hier reinkleben, dann m\u00fcsste ich mir keine M\u00fche geben Worte zu erfinden, die das Bildnis nur ungen\u00fcgend veranschaulichen), es ist viereckig, beziehungsweise genau genommen hat es acht Ecken, wenn man die Ecken mal au\u00dfer acht l\u00e4sst, die sich im Inneren an den Seiten befinden, die Ecken, die gerne zu Eselsohren gefaltet werden (hei\u00dft es Eselsohren, oder hei\u00dft es Eselsecken?). Von der Farbe her ist das Buch orange, w\u00fcrde ich sagen. Eine Hommage an den b\u00f6sen M\u00f6hrenmann? Manche werden die Farbe erfahrungsgem\u00e4\u00df gelb nennen oder braun oder lila. Ja, es gibt bestimmt auch welche, die lila zu der Farbe sagen. Oben auf der Vorderseite steht Ahne, das ist mein Name (in Wirklichkeit hei\u00dfe ich anders, aber ich bin nicht der b\u00f6se M\u00f6hrenmann!). Darunter steht in wei\u00df Stabil im Bus, der Titel des Buches. Darunter in schwarz Erlebtes, Betrachtetes, Ausgedachtes. Darunter ist eine Zeichnung, die einen Bus darstellen soll, der eine Stra\u00dfe hinunterbraust. In dem Bus ein Lenkrad und ein Gesicht. Die Zeichnung ist nicht von mir, sonst h\u00e4ttet ihr noch weniger erkennen k\u00f6nnen. Ganz unten steht der Name des Verlages, wei\u00df in schwarz, SATYR. So, morgen beschreibe ich was in dem Buch alles drin steht. Oder ihr kauft es, das w\u00e4re mir ehrlich gesagt lieber.<\/p>\n<p>Tipp f\u00fcr heute: Reich werden, damit man sich alles, alles, alles kaufen kann.<\/p>\n","protected":false},"excerpt":{"rendered":"<p>Das neue Buch ist jetzt wirklich da. Es liegt hier bei mir zuhause. Vorhin (15 Uhr) kam ein Bote mit einem Paket und da war es drin. Es sieht folgenderma\u00dfen aus (ich habe momentan leider keinen Fotoapparillo, sonst k\u00f6nnte ich ein Foto von ihm fotografieren und hier reinkleben, dann m\u00fcsste ich mir keine M\u00fche geben [&hellip;]<\/p>\n","protected":false},"author":53,"featured_media":0,"comment_status":"open","ping_status":"open","sticky":false,"template":"","format":"standard","meta":{"footnotes":""},"categories":[1],"tags":[],"class_list":["post-13031","post","type-post","status-publish","format-standard","hentry","category-allgemein"],"_links":{"self":[{"href":"https:\/\/www.ahne-international.de\/index.php?rest_route=\/wp\/v2\/posts\/13031","targetHints":{"allow":["GET"]}}],"collection":[{"href":"https:\/\/www.ahne-international.de\/index.php?rest_route=\/wp\/v2\/posts"}],"about":[{"href":"https:\/\/www.ahne-international.de\/index.php?rest_route=\/wp\/v2\/types\/post"}],"author":[{"embeddable":true,"href":"https:\/\/www.ahne-international.de\/index.php?rest_route=\/wp\/v2\/users\/53"}],"replies":[{"embeddable":true,"href":"https:\/\/www.ahne-international.de\/index.php?rest_route=%2Fwp%2Fv2%2Fcomments&post=13031"}],"version-history":[{"count":1,"href":"https:\/\/www.ahne-international.de\/index.php?rest_route=\/wp\/v2\/posts\/13031\/revisions"}],"predecessor-version":[{"id":13032,"href":"https:\/\/www.ahne-international.de\/index.php?rest_route=\/wp\/v2\/posts\/13031\/revisions\/13032"}],"wp:attachment":[{"href":"https:\/\/www.ahne-international.de\/index.php?rest_route=%2Fwp%2Fv2%2Fmedia&parent=13031"}],"wp:term":[{"taxonomy":"category","embeddable":true,"href":"https:\/\/www.ahne-international.de\/index.php?rest_route=%2Fwp%2Fv2%2Fcategories&post=13031"},{"taxonomy":"post_tag","embeddable":true,"href":"https:\/\/www.ahne-international.de\/index.php?rest_route=%2Fwp%2Fv2%2Ftags&post=13031"}],"curies":[{"name":"wp","href":"https:\/\/api.w.org\/{rel}","templated":true}]}}