{"id":13039,"date":"2026-03-22T09:02:24","date_gmt":"2026-03-22T08:02:24","guid":{"rendered":"https:\/\/www.ahne-international.de\/?p=13039"},"modified":"2026-03-22T09:02:24","modified_gmt":"2026-03-22T08:02:24","slug":"kurz-vor-knapp","status":"publish","type":"post","link":"https:\/\/www.ahne-international.de\/?p=13039","title":{"rendered":"Kurz vor knapp"},"content":{"rendered":"<p>Gerade noch rechtzeitig habe ich erfahren, dass in Leipzig eine Buchmesse l\u00e4uft und mir (zenk ju, SATYR-Verlag!) einen Lese-Slot (sagt man jetzt so) gesichert. Es ist der allerallerallerletzte Lese-Slot (also ein Vorlese-Auftritt) bei der Leipziger Buchmesse. Wenn man so will das Ziel, der H\u00f6hepunkt, das Grand de Finale! Bundespeinlichkeitsstaatssekret\u00e4r Hartmut (hei\u00dft der so?) Weimar ist bereits wieder abgereist, bestimmt nach Weimer, wo er gar nicht her kommt. Stimmung sollte also wieder halbwegs sein. Gut war das gestrige Jubil\u00e4umskonzert der Freibier-Ideologen (350 Jahre F.B.I.) im Cottbuser Gladhouse gewesen. Einige Hallodris (nur einer?) hatten stilsicher daf\u00fcr gesorgt, dass auf dem M\u00e4nnerklo beide Waschbecken verstopft waren, mit Erbrochenem. Musste schwer mit mir ringen kein Poser-Foto zu schie\u00dfen (ICH WAR HIER!!!! oder so \u00e4hnlich). Auch gut, am Berliner Hauptbahnhof sind mittlerweile zwei Drittel der Rolltreppen repariert worden. Danke Merkel (oder wer immer verantwortlich ist).<\/p>\n<p>Heute: Leipzig, Messehalle 5, 16:30 &#8211; 17 Uhr: <a href=\"https:\/\/www.shoptyr.de\/Ahne-Stabil-im-Bus\">&#8218;Stabil im Bus&#8216;<\/a> ich lese auf der Indie-Leseinsel aus meinem neuen Bestseller (angefragt) paar Texte und singe ein Lied<\/p>\n<p><strong>und\/oder anschlie\u00dfend<\/strong><\/p>\n<p>Berlin, <a href=\"http:\/\/www.baiz.info\">Schankwirtschaft Baiz<\/a>, 19 Uhr: <a href=\"http:\/\/www.reformbuehne.de\">Reformb\u00fchne Heim &amp; Welt<\/a> mit Susanne M. Riedel, Heiko Werning, Andreas &#8218;Spider&#8216; Krenzke und Frank Sorge sowie den Superstarg\u00e4sten Judith Stadlin (Schweiz) und Martin Goldenbaum (Musik)<\/p>\n","protected":false},"excerpt":{"rendered":"<p>Gerade noch rechtzeitig habe ich erfahren, dass in Leipzig eine Buchmesse l\u00e4uft und mir (zenk ju, SATYR-Verlag!) einen Lese-Slot (sagt man jetzt so) gesichert. Es ist der allerallerallerletzte Lese-Slot (also ein Vorlese-Auftritt) bei der Leipziger Buchmesse. Wenn man so will das Ziel, der H\u00f6hepunkt, das Grand de Finale! Bundespeinlichkeitsstaatssekret\u00e4r Hartmut (hei\u00dft der so?) Weimar ist [&hellip;]<\/p>\n","protected":false},"author":53,"featured_media":0,"comment_status":"open","ping_status":"open","sticky":false,"template":"","format":"standard","meta":{"footnotes":""},"categories":[1],"tags":[],"class_list":["post-13039","post","type-post","status-publish","format-standard","hentry","category-allgemein"],"_links":{"self":[{"href":"https:\/\/www.ahne-international.de\/index.php?rest_route=\/wp\/v2\/posts\/13039","targetHints":{"allow":["GET"]}}],"collection":[{"href":"https:\/\/www.ahne-international.de\/index.php?rest_route=\/wp\/v2\/posts"}],"about":[{"href":"https:\/\/www.ahne-international.de\/index.php?rest_route=\/wp\/v2\/types\/post"}],"author":[{"embeddable":true,"href":"https:\/\/www.ahne-international.de\/index.php?rest_route=\/wp\/v2\/users\/53"}],"replies":[{"embeddable":true,"href":"https:\/\/www.ahne-international.de\/index.php?rest_route=%2Fwp%2Fv2%2Fcomments&post=13039"}],"version-history":[{"count":1,"href":"https:\/\/www.ahne-international.de\/index.php?rest_route=\/wp\/v2\/posts\/13039\/revisions"}],"predecessor-version":[{"id":13040,"href":"https:\/\/www.ahne-international.de\/index.php?rest_route=\/wp\/v2\/posts\/13039\/revisions\/13040"}],"wp:attachment":[{"href":"https:\/\/www.ahne-international.de\/index.php?rest_route=%2Fwp%2Fv2%2Fmedia&parent=13039"}],"wp:term":[{"taxonomy":"category","embeddable":true,"href":"https:\/\/www.ahne-international.de\/index.php?rest_route=%2Fwp%2Fv2%2Fcategories&post=13039"},{"taxonomy":"post_tag","embeddable":true,"href":"https:\/\/www.ahne-international.de\/index.php?rest_route=%2Fwp%2Fv2%2Ftags&post=13039"}],"curies":[{"name":"wp","href":"https:\/\/api.w.org\/{rel}","templated":true}]}}