{"id":13117,"date":"2026-04-29T10:18:42","date_gmt":"2026-04-29T09:18:42","guid":{"rendered":"https:\/\/www.ahne-international.de\/?p=13117"},"modified":"2026-04-29T10:47:46","modified_gmt":"2026-04-29T09:47:46","slug":"13117","status":"publish","type":"post","link":"https:\/\/www.ahne-international.de\/?p=13117","title":{"rendered":"Pfingsten hab ich vergessen"},"content":{"rendered":"<p>Der Mai wird immer aktionistischer. Er beginnt bereits mit dem 1. Mai, wo wir alle ja nicht nur den Internationalen Kampf- und Feiertag der Arbeiterklasse feiern, sondern an dem es auch eine Revolution gibt, h\u00f6chstwahrscheinlich. Direkt darauf folgt der 2. Mai, der Internationale Kampf- und Feiertag der Arbeitslosen. Wir treffen uns zur kleinsten Massendemonstration der Welt und durch unser &#8218;Gebet gegen die Arbeit&#8216; von Michael Stein vor den Sch\u00f6n-Sch\u00f6ner-Sch\u00f6nhauser Allee-Arcaden entsteht ein Morphisches Feld, welches daf\u00fcr sorgt, dass schon wenig sp\u00e4ter das Bedingungslose Grundeinkommen eingef\u00fchrt wird und alle Menschen gl\u00fccklich sind (angefragt). Direkt darauf ist Sonntag. Wir spielen Federball. Am 14. Mai l\u00e4uft dann &#8218;Metropolis&#8216; im Kino Babylon und eine gewisse Chrissi feiert Geburtstag. Am 18. Mai steht die Volksb\u00fchne Kopf, denn die Bolschewistische Kurkapelle Schwarz-Rot begeht ihr 40-j\u00e4hriges Bestehen im Gro\u00dfen Saal. Das Tanzen und das Denken werden sich vereinen. Am 21. Mai st\u00fcrmen die Herren Sedlmeir und Ahne (Ahne bin icke) den Schokoladen, um die Z\u00e4rtlichkeit unter die V\u00f6lker zu bringen (Ein heiterer Abend nur f\u00fcr Du!). Am 22. Mai feiere ich Buchpremiere von &#8218;Stabil im Bus&#8216; in der Kunstfabrik Schlot (&#8218;Stabil im Bus&#8216; ist ein Buch). Und, jetzt kommts, den gesamten Mai hindurch beteiligt sich die Stadt Cottbus\/Chosebuz (liegt im Bezirk Cottbus) an der Aktion &#8218;M\u00e4hfreier Mai&#8216;. Durch den Verzicht auf Mahd sollen wertvolle Lebensr\u00e4ume f\u00fcr Insekten erhalten bleiben. Machick mit. Wer noch?<\/p>\n<p>Heute: Cottbus\/Chosebuz, <a href=\"http:\/\/www.gladhouse.de\">Gladhouse<\/a>, 20:30 Uhr: Leseb\u00fchne Cottbus mit Matthias Heine, Andreas Vent-Schmidt, Daniel Ratthei und G\u00e4sten (u.a. mich)<\/p>\n","protected":false},"excerpt":{"rendered":"<p>Der Mai wird immer aktionistischer. Er beginnt bereits mit dem 1. Mai, wo wir alle ja nicht nur den Internationalen Kampf- und Feiertag der Arbeiterklasse feiern, sondern an dem es auch eine Revolution gibt, h\u00f6chstwahrscheinlich. Direkt darauf folgt der 2. Mai, der Internationale Kampf- und Feiertag der Arbeitslosen. Wir treffen uns zur kleinsten Massendemonstration der [&hellip;]<\/p>\n","protected":false},"author":53,"featured_media":0,"comment_status":"open","ping_status":"open","sticky":false,"template":"","format":"standard","meta":{"footnotes":""},"categories":[1],"tags":[],"class_list":["post-13117","post","type-post","status-publish","format-standard","hentry","category-allgemein"],"_links":{"self":[{"href":"https:\/\/www.ahne-international.de\/index.php?rest_route=\/wp\/v2\/posts\/13117","targetHints":{"allow":["GET"]}}],"collection":[{"href":"https:\/\/www.ahne-international.de\/index.php?rest_route=\/wp\/v2\/posts"}],"about":[{"href":"https:\/\/www.ahne-international.de\/index.php?rest_route=\/wp\/v2\/types\/post"}],"author":[{"embeddable":true,"href":"https:\/\/www.ahne-international.de\/index.php?rest_route=\/wp\/v2\/users\/53"}],"replies":[{"embeddable":true,"href":"https:\/\/www.ahne-international.de\/index.php?rest_route=%2Fwp%2Fv2%2Fcomments&post=13117"}],"version-history":[{"count":4,"href":"https:\/\/www.ahne-international.de\/index.php?rest_route=\/wp\/v2\/posts\/13117\/revisions"}],"predecessor-version":[{"id":13121,"href":"https:\/\/www.ahne-international.de\/index.php?rest_route=\/wp\/v2\/posts\/13117\/revisions\/13121"}],"wp:attachment":[{"href":"https:\/\/www.ahne-international.de\/index.php?rest_route=%2Fwp%2Fv2%2Fmedia&parent=13117"}],"wp:term":[{"taxonomy":"category","embeddable":true,"href":"https:\/\/www.ahne-international.de\/index.php?rest_route=%2Fwp%2Fv2%2Fcategories&post=13117"},{"taxonomy":"post_tag","embeddable":true,"href":"https:\/\/www.ahne-international.de\/index.php?rest_route=%2Fwp%2Fv2%2Ftags&post=13117"}],"curies":[{"name":"wp","href":"https:\/\/api.w.org\/{rel}","templated":true}]}}