{"id":13123,"date":"2026-05-01T11:47:26","date_gmt":"2026-05-01T10:47:26","guid":{"rendered":"https:\/\/www.ahne-international.de\/?p=13123"},"modified":"2026-05-01T11:47:26","modified_gmt":"2026-05-01T10:47:26","slug":"wir-sind-nicht-alleine","status":"publish","type":"post","link":"https:\/\/www.ahne-international.de\/?p=13123","title":{"rendered":"Wir sind nicht alleine"},"content":{"rendered":"<p>Es ist kaum zu glauben, sie sind tats\u00e4chlich gekommen, wieder genau zum selben Tag. 1. Mai und die Mauersegler sind da. B\u00f6se Zungen behaupten zwar, ich h\u00e4tte die letzten Tage blo\u00df nicht nach oben geschaut, Richtung Himmel, aber sollen sie behaupten was sie wollen, ich wei\u00df, die Mauersegler kommen immer p\u00fcnktlich, immer am 1. Mai, um den Internationalen Kampftag der Arbeiterklasse zu unterst\u00fctzen. Denn sie stehen an der Seite des Proletariats, die Mauersegler. Viel mehr sie fliegen an der Seite des Proletariats, sie k\u00f6nnen ja nicht stehen, also nicht besonders gut und gerne, weil ihre F\u00fc\u00dfchen zum Herumstehen schlecht geeignet sind. Anders als meine. Ich stehe ja gerne herum. Heute zum Beispiel. Auf einer B\u00fchne am Mariannenplatz. Und wat macht ihr?<\/p>\n<p>Heute: Berlin, Mariannenplatz, ab 14 Uhr: <a href=\"https:\/\/www.google.com\/url?sa=t&amp;source=web&amp;rct=j&amp;opi=89978449&amp;url=https:\/\/www.eventbrite.de\/e\/die-partei-am-1-mai-auf-dem-mariannenplatz-14-uhr-keine-ausreden-tickets-1987258731361\">Spektakul\u00e4re Gro\u00dfkundgebung der Partei der extremen Mitte &#8218;Die Partei&#8216;<\/a> mit simuliertem Bierzelt, zukunftsweisenden Reden sowie Musik von u.a. Riza C\u00f6rtlen, Martin Pohlmann, The Oldtime Party Girls und mich (circa 16 Uhr)<\/p>\n","protected":false},"excerpt":{"rendered":"<p>Es ist kaum zu glauben, sie sind tats\u00e4chlich gekommen, wieder genau zum selben Tag. 1. Mai und die Mauersegler sind da. B\u00f6se Zungen behaupten zwar, ich h\u00e4tte die letzten Tage blo\u00df nicht nach oben geschaut, Richtung Himmel, aber sollen sie behaupten was sie wollen, ich wei\u00df, die Mauersegler kommen immer p\u00fcnktlich, immer am 1. Mai, [&hellip;]<\/p>\n","protected":false},"author":53,"featured_media":0,"comment_status":"open","ping_status":"open","sticky":false,"template":"","format":"standard","meta":{"footnotes":""},"categories":[1],"tags":[],"class_list":["post-13123","post","type-post","status-publish","format-standard","hentry","category-allgemein"],"_links":{"self":[{"href":"https:\/\/www.ahne-international.de\/index.php?rest_route=\/wp\/v2\/posts\/13123","targetHints":{"allow":["GET"]}}],"collection":[{"href":"https:\/\/www.ahne-international.de\/index.php?rest_route=\/wp\/v2\/posts"}],"about":[{"href":"https:\/\/www.ahne-international.de\/index.php?rest_route=\/wp\/v2\/types\/post"}],"author":[{"embeddable":true,"href":"https:\/\/www.ahne-international.de\/index.php?rest_route=\/wp\/v2\/users\/53"}],"replies":[{"embeddable":true,"href":"https:\/\/www.ahne-international.de\/index.php?rest_route=%2Fwp%2Fv2%2Fcomments&post=13123"}],"version-history":[{"count":1,"href":"https:\/\/www.ahne-international.de\/index.php?rest_route=\/wp\/v2\/posts\/13123\/revisions"}],"predecessor-version":[{"id":13124,"href":"https:\/\/www.ahne-international.de\/index.php?rest_route=\/wp\/v2\/posts\/13123\/revisions\/13124"}],"wp:attachment":[{"href":"https:\/\/www.ahne-international.de\/index.php?rest_route=%2Fwp%2Fv2%2Fmedia&parent=13123"}],"wp:term":[{"taxonomy":"category","embeddable":true,"href":"https:\/\/www.ahne-international.de\/index.php?rest_route=%2Fwp%2Fv2%2Fcategories&post=13123"},{"taxonomy":"post_tag","embeddable":true,"href":"https:\/\/www.ahne-international.de\/index.php?rest_route=%2Fwp%2Fv2%2Ftags&post=13123"}],"curies":[{"name":"wp","href":"https:\/\/api.w.org\/{rel}","templated":true}]}}