{"id":13126,"date":"2026-05-02T11:52:39","date_gmt":"2026-05-02T10:52:39","guid":{"rendered":"https:\/\/www.ahne-international.de\/?p=13126"},"modified":"2026-05-02T11:52:39","modified_gmt":"2026-05-02T10:52:39","slug":"faecher-basteln-und-mitnehmen-auch-nicht-verkehrt","status":"publish","type":"post","link":"https:\/\/www.ahne-international.de\/?p=13126","title":{"rendered":"F\u00e4cher basteln und mitnehmen (auch nicht verkehrt)"},"content":{"rendered":"<p>F\u00fcr alle, die nicht so gerne den Wetterbericht lesen\/gucken, sich lieber \u00fcberraschen lassen wollen, heute ist es sehr, sehr warm und die Sonne scheint. Ich wei\u00df, ich verderbe es mir gerade mit all jenen, die sich lieber \u00fcberraschen lassen wollen, doch es ist wirklich wichtig. Wenn ihr nachher zur Demo anl\u00e4sslich des Internationalen Kampf- und Feiertages der Arbeitslosen geht, cremt euch bitte ein, am besten Gesicht und s\u00e4mtliche K\u00f6rperteile, die ihr unbedeckt beabsichtigt zu pr\u00e4sentieren. Sch\u00f6n eincremen. Mit Sonnenschutzcreme 50+. Bitte. Bitte, bitte, bitte! Und denkt daran euch was zu trinken mitzunehmen. Am besten Wasser. Aber es geht auch &#8230; nein, Wasser ist am besten. Und dann am besten einen Hut aufsetzen, einen luftigen Sommerhut aus Stroh. Und einen Feuerl\u00f6scher mitnehmen, falls der Hut Feuer fangen sollte. Na ja, ihr macht das schon. Ich vertraue euch.<\/p>\n<p>Heute: Berlin, Sch\u00f6nhauser Allee\/Ecke\/W\u00f6rther Stra\u00dfe, 15 Uhr: Start zur machtvollen Massendemonstration anl\u00e4sslich des Internationalen Kampf- und Feiertages der Arbeitslosen (im Anschluss ca. 16:30 Uhr Konzert der Bolschewistischen Kurkapelle Schwarz-Rot)<\/p>\n","protected":false},"excerpt":{"rendered":"<p>F\u00fcr alle, die nicht so gerne den Wetterbericht lesen\/gucken, sich lieber \u00fcberraschen lassen wollen, heute ist es sehr, sehr warm und die Sonne scheint. Ich wei\u00df, ich verderbe es mir gerade mit all jenen, die sich lieber \u00fcberraschen lassen wollen, doch es ist wirklich wichtig. Wenn ihr nachher zur Demo anl\u00e4sslich des Internationalen Kampf- und [&hellip;]<\/p>\n","protected":false},"author":53,"featured_media":0,"comment_status":"open","ping_status":"open","sticky":false,"template":"","format":"standard","meta":{"footnotes":""},"categories":[1],"tags":[],"class_list":["post-13126","post","type-post","status-publish","format-standard","hentry","category-allgemein"],"_links":{"self":[{"href":"https:\/\/www.ahne-international.de\/index.php?rest_route=\/wp\/v2\/posts\/13126","targetHints":{"allow":["GET"]}}],"collection":[{"href":"https:\/\/www.ahne-international.de\/index.php?rest_route=\/wp\/v2\/posts"}],"about":[{"href":"https:\/\/www.ahne-international.de\/index.php?rest_route=\/wp\/v2\/types\/post"}],"author":[{"embeddable":true,"href":"https:\/\/www.ahne-international.de\/index.php?rest_route=\/wp\/v2\/users\/53"}],"replies":[{"embeddable":true,"href":"https:\/\/www.ahne-international.de\/index.php?rest_route=%2Fwp%2Fv2%2Fcomments&post=13126"}],"version-history":[{"count":1,"href":"https:\/\/www.ahne-international.de\/index.php?rest_route=\/wp\/v2\/posts\/13126\/revisions"}],"predecessor-version":[{"id":13127,"href":"https:\/\/www.ahne-international.de\/index.php?rest_route=\/wp\/v2\/posts\/13126\/revisions\/13127"}],"wp:attachment":[{"href":"https:\/\/www.ahne-international.de\/index.php?rest_route=%2Fwp%2Fv2%2Fmedia&parent=13126"}],"wp:term":[{"taxonomy":"category","embeddable":true,"href":"https:\/\/www.ahne-international.de\/index.php?rest_route=%2Fwp%2Fv2%2Fcategories&post=13126"},{"taxonomy":"post_tag","embeddable":true,"href":"https:\/\/www.ahne-international.de\/index.php?rest_route=%2Fwp%2Fv2%2Ftags&post=13126"}],"curies":[{"name":"wp","href":"https:\/\/api.w.org\/{rel}","templated":true}]}}