{"id":13141,"date":"2026-05-11T17:14:33","date_gmt":"2026-05-11T16:14:33","guid":{"rendered":"https:\/\/www.ahne-international.de\/?p=13141"},"modified":"2026-05-11T17:14:33","modified_gmt":"2026-05-11T16:14:33","slug":"das-wohnungsproblem","status":"publish","type":"post","link":"https:\/\/www.ahne-international.de\/?p=13141","title":{"rendered":"Das Wohnungsproblem"},"content":{"rendered":"<p>Viele von uns wohnen in zu kleinen Wohnungen, noch mehr in zu gro\u00dfen Wohnungen, las ich heute. In zu hohen Wohnungen, zu niedrigen Wohnungen, zu dreckigen, zu sauberen, zu lauten, zu leisen, zu s\u00fc\u00dfen, zu sauren, zu zugigen, zu modernen, zu maroden, zu verwinkelten, zu schr\u00e4gen, zu gem\u00fctlichen Wohnungen wohnen ja ebenfalls viele. Nur von zu teuren Wohnungen habe ich bislang noch nichts vernommen. Zu teure Wohnungen scheint es nicht zu geben. Oder bin ich nur nicht aufmerksam genug gewesen?<\/p>\n<p>Tipp f\u00fcr heute: Immer gleich alles mitschreiben.<\/p>\n","protected":false},"excerpt":{"rendered":"<p>Viele von uns wohnen in zu kleinen Wohnungen, noch mehr in zu gro\u00dfen Wohnungen, las ich heute. In zu hohen Wohnungen, zu niedrigen Wohnungen, zu dreckigen, zu sauberen, zu lauten, zu leisen, zu s\u00fc\u00dfen, zu sauren, zu zugigen, zu modernen, zu maroden, zu verwinkelten, zu schr\u00e4gen, zu gem\u00fctlichen Wohnungen wohnen ja ebenfalls viele. Nur von [&hellip;]<\/p>\n","protected":false},"author":53,"featured_media":0,"comment_status":"open","ping_status":"open","sticky":false,"template":"","format":"standard","meta":{"footnotes":""},"categories":[1],"tags":[],"class_list":["post-13141","post","type-post","status-publish","format-standard","hentry","category-allgemein"],"_links":{"self":[{"href":"https:\/\/www.ahne-international.de\/index.php?rest_route=\/wp\/v2\/posts\/13141","targetHints":{"allow":["GET"]}}],"collection":[{"href":"https:\/\/www.ahne-international.de\/index.php?rest_route=\/wp\/v2\/posts"}],"about":[{"href":"https:\/\/www.ahne-international.de\/index.php?rest_route=\/wp\/v2\/types\/post"}],"author":[{"embeddable":true,"href":"https:\/\/www.ahne-international.de\/index.php?rest_route=\/wp\/v2\/users\/53"}],"replies":[{"embeddable":true,"href":"https:\/\/www.ahne-international.de\/index.php?rest_route=%2Fwp%2Fv2%2Fcomments&post=13141"}],"version-history":[{"count":1,"href":"https:\/\/www.ahne-international.de\/index.php?rest_route=\/wp\/v2\/posts\/13141\/revisions"}],"predecessor-version":[{"id":13142,"href":"https:\/\/www.ahne-international.de\/index.php?rest_route=\/wp\/v2\/posts\/13141\/revisions\/13142"}],"wp:attachment":[{"href":"https:\/\/www.ahne-international.de\/index.php?rest_route=%2Fwp%2Fv2%2Fmedia&parent=13141"}],"wp:term":[{"taxonomy":"category","embeddable":true,"href":"https:\/\/www.ahne-international.de\/index.php?rest_route=%2Fwp%2Fv2%2Fcategories&post=13141"},{"taxonomy":"post_tag","embeddable":true,"href":"https:\/\/www.ahne-international.de\/index.php?rest_route=%2Fwp%2Fv2%2Ftags&post=13141"}],"curies":[{"name":"wp","href":"https:\/\/api.w.org\/{rel}","templated":true}]}}