{"id":13151,"date":"2026-05-17T07:51:22","date_gmt":"2026-05-17T06:51:22","guid":{"rendered":"https:\/\/www.ahne-international.de\/?p=13151"},"modified":"2026-05-17T07:51:22","modified_gmt":"2026-05-17T06:51:22","slug":"mein-paralleluniversum","status":"publish","type":"post","link":"https:\/\/www.ahne-international.de\/?p=13151","title":{"rendered":"Mein Paralleluniversum"},"content":{"rendered":"<p>Ich m\u00f6chte mich entschuldigen bei dem Mann, der neben mir stand, auf dem Bahnhof Alexanderplatz, daf\u00fcr, dass ich ihn erschreckte, weil ich laut &#8222;Krass!&#8220; oder &#8222;Boh!&#8220; oder &#8222;Das gibt&#8217;s doch nicht!&#8220; ausrief. Wei\u00df nicht mehr genau, was ich ausrief, wei\u00df nur noch, dass ich laut gewesen sein muss, als ich hoch \u00fcber mir unter dem Kuppeldach des Bahnhofs einen Fuchs entlangstolzieren sah, der dort ruhig eine Strebe entlang lief, auf der Suche nach Taubeneiern oder -jungen, sch\u00e4tze ich. Die erwachsenen Tauben stoben jedenfalls aufgeregt von dannen, so bald der Fuchs sie erreichte. Ich schien der einzige auf unserem Bahnsteig zu sein, der dieses Schauspiel betrachtete, alle anderen starrten gebannt auf die Displays ihrer Taschentelefone. Auch mein Nachbar, den ich erschreckte, sah direkt darauf wieder nach unten. Nun ja, vielleicht bin ich es auch, der die wirklich spannenden Sachen verpasst, die am laufenden Band abgehen, im weltweiten Netz.<\/p>\n<p>Heute: Berlin, <a href=\"http:\/\/www.kunstfabrik-schlot.de\">Kunstfabrik Schlot<\/a>, 13 Uhr: <a href=\"http:\/\/www.fruehschoppen-berlin.de\">Der Fr\u00fchschoppen<\/a> mit J\u00fcrgen Witte, Andreas Scheffler, Susanne M. Riedel sowie ihren G\u00e4sten Frank Sorge und mich<\/p>\n<p><strong>und danach<\/strong><\/p>\n<p>Berlin, <a href=\"http:\/\/www.baiz.info\">Schankwirtschaft Baiz<\/a>, 19 Uhr:\u00a0 <a href=\"http:\/\/www.reformbuehne.de\">Reformb\u00fchne Heim &amp; Welt<\/a> mit Susanne M. Riedel, Heiko Werning, Andreas &#8218;Spider&#8216; Krenzke, Falko Hennig, Frank Sorge, Gott und mich, sowie der phantastischen Superstarg\u00e4stin Jana Berwig (Musik!)<\/p>\n","protected":false},"excerpt":{"rendered":"<p>Ich m\u00f6chte mich entschuldigen bei dem Mann, der neben mir stand, auf dem Bahnhof Alexanderplatz, daf\u00fcr, dass ich ihn erschreckte, weil ich laut &#8222;Krass!&#8220; oder &#8222;Boh!&#8220; oder &#8222;Das gibt&#8217;s doch nicht!&#8220; ausrief. Wei\u00df nicht mehr genau, was ich ausrief, wei\u00df nur noch, dass ich laut gewesen sein muss, als ich hoch \u00fcber mir unter dem [&hellip;]<\/p>\n","protected":false},"author":53,"featured_media":0,"comment_status":"open","ping_status":"open","sticky":false,"template":"","format":"standard","meta":{"footnotes":""},"categories":[1],"tags":[],"class_list":["post-13151","post","type-post","status-publish","format-standard","hentry","category-allgemein"],"_links":{"self":[{"href":"https:\/\/www.ahne-international.de\/index.php?rest_route=\/wp\/v2\/posts\/13151","targetHints":{"allow":["GET"]}}],"collection":[{"href":"https:\/\/www.ahne-international.de\/index.php?rest_route=\/wp\/v2\/posts"}],"about":[{"href":"https:\/\/www.ahne-international.de\/index.php?rest_route=\/wp\/v2\/types\/post"}],"author":[{"embeddable":true,"href":"https:\/\/www.ahne-international.de\/index.php?rest_route=\/wp\/v2\/users\/53"}],"replies":[{"embeddable":true,"href":"https:\/\/www.ahne-international.de\/index.php?rest_route=%2Fwp%2Fv2%2Fcomments&post=13151"}],"version-history":[{"count":1,"href":"https:\/\/www.ahne-international.de\/index.php?rest_route=\/wp\/v2\/posts\/13151\/revisions"}],"predecessor-version":[{"id":13152,"href":"https:\/\/www.ahne-international.de\/index.php?rest_route=\/wp\/v2\/posts\/13151\/revisions\/13152"}],"wp:attachment":[{"href":"https:\/\/www.ahne-international.de\/index.php?rest_route=%2Fwp%2Fv2%2Fmedia&parent=13151"}],"wp:term":[{"taxonomy":"category","embeddable":true,"href":"https:\/\/www.ahne-international.de\/index.php?rest_route=%2Fwp%2Fv2%2Fcategories&post=13151"},{"taxonomy":"post_tag","embeddable":true,"href":"https:\/\/www.ahne-international.de\/index.php?rest_route=%2Fwp%2Fv2%2Ftags&post=13151"}],"curies":[{"name":"wp","href":"https:\/\/api.w.org\/{rel}","templated":true}]}}