{"id":13187,"date":"2026-06-23T11:26:32","date_gmt":"2026-06-23T10:26:32","guid":{"rendered":"https:\/\/www.ahne-international.de\/?p=13187"},"modified":"2026-06-23T11:26:32","modified_gmt":"2026-06-23T10:26:32","slug":"in-die-nesseln-setze-ich-mich-immer-noch-selber","status":"publish","type":"post","link":"https:\/\/www.ahne-international.de\/?p=13187","title":{"rendered":"In die Nesseln setze ich mich immer noch selber"},"content":{"rendered":"<p>Warum es mich h\u00e4ufig gruselt, wenn ich bei tagesschau.de oder anderen als &#8222;Leitmedien&#8220; titulierten Presseorganen Artikel lese, kann ich exemplarisch an folgendem heute erschienenen Satz auf tagesschau.de zur Situation in Rum\u00e4nien verdeutlichen: &#8222;Der von vielen Rum\u00e4nen als reformeifrig und proeurop\u00e4isch gesch\u00e4tzte Bolojan war am 5. Mai vom Parlament per Misstrauensvotum gest\u00fcrzt worden &#8211; auf Antrag der bis vor ein paar Wochen mitregierenden PSD und der rechtsextremen AUR.&#8220; Zun\u00e4chst einmal &#8222;von vielen Rum\u00e4nen&#8220;, was hei\u00dft das? Hunderte? Millionen? Die Mehrheit? Eine gro\u00dfe Minderheit? Linke? Rechte? Rum\u00e4nen aus eher l\u00e4ndlichen oder st\u00e4dtischen Gebieten? Reiche Rum\u00e4nen? Arme Rum\u00e4nen? Dann die Attribute &#8222;reformeifrig&#8220; und &#8222;proeurop\u00e4isch&#8220;. Welche Reformen wollte er durchf\u00fchren? Man k\u00f6nnte ja auch versuchen s\u00e4mtliche B\u00fcrgerrechte abzuschaffen und dies als Reform deklarieren. Eine Reform an sich ist erst einmal wertfrei. Und &#8222;proeurop\u00e4isch&#8220;, dazu z\u00e4hlen inzwischen Parteien jeglicher politischer Couleur, Hauptsache sie wollen in der EU bleiben oder hinein und unterst\u00fctzen die Ukraine. \u00dcber die politische Ausrichtung sagt das wenig. Dann, warum ist der &#8222;gesch\u00e4tzte&#8220; Bolojan vom Parlament gest\u00fcrzt worden? Aus dem Artikel erf\u00e4hrt man es nicht. Recherchen ergeben, seine Sparpolitik war der Grund, er wollte Anteile von Staatsbetrieben privatisieren. Und wir erfahren, das Misstrauensvotum sei von der &#8222;rechtsextremen AUR&#8220; beantragt worden. Die ist rechtsextrem, richtig, nur wird bei der ebenfalls beantragenden und &#8222;bis vor ein paar Wochen mitregierenden PSD&#8220; vergessen zu erw\u00e4hnen, dass sie sozialdemokratisch ist. Weil das missverstanden werden k\u00f6nnte? Weil uns nicht mehr zugetraut wird mit Informationen umzugehen?<\/p>\n<p>Tipp f\u00fcr heute: Das Leben ist sch\u00f6n (trotzdem).<\/p>\n","protected":false},"excerpt":{"rendered":"<p>Warum es mich h\u00e4ufig gruselt, wenn ich bei tagesschau.de oder anderen als &#8222;Leitmedien&#8220; titulierten Presseorganen Artikel lese, kann ich exemplarisch an folgendem heute erschienenen Satz auf tagesschau.de zur Situation in Rum\u00e4nien verdeutlichen: &#8222;Der von vielen Rum\u00e4nen als reformeifrig und proeurop\u00e4isch gesch\u00e4tzte Bolojan war am 5. Mai vom Parlament per Misstrauensvotum gest\u00fcrzt worden &#8211; auf Antrag [&hellip;]<\/p>\n","protected":false},"author":53,"featured_media":0,"comment_status":"open","ping_status":"open","sticky":false,"template":"","format":"standard","meta":{"footnotes":""},"categories":[1],"tags":[],"class_list":["post-13187","post","type-post","status-publish","format-standard","hentry","category-allgemein"],"_links":{"self":[{"href":"https:\/\/www.ahne-international.de\/index.php?rest_route=\/wp\/v2\/posts\/13187","targetHints":{"allow":["GET"]}}],"collection":[{"href":"https:\/\/www.ahne-international.de\/index.php?rest_route=\/wp\/v2\/posts"}],"about":[{"href":"https:\/\/www.ahne-international.de\/index.php?rest_route=\/wp\/v2\/types\/post"}],"author":[{"embeddable":true,"href":"https:\/\/www.ahne-international.de\/index.php?rest_route=\/wp\/v2\/users\/53"}],"replies":[{"embeddable":true,"href":"https:\/\/www.ahne-international.de\/index.php?rest_route=%2Fwp%2Fv2%2Fcomments&post=13187"}],"version-history":[{"count":1,"href":"https:\/\/www.ahne-international.de\/index.php?rest_route=\/wp\/v2\/posts\/13187\/revisions"}],"predecessor-version":[{"id":13188,"href":"https:\/\/www.ahne-international.de\/index.php?rest_route=\/wp\/v2\/posts\/13187\/revisions\/13188"}],"wp:attachment":[{"href":"https:\/\/www.ahne-international.de\/index.php?rest_route=%2Fwp%2Fv2%2Fmedia&parent=13187"}],"wp:term":[{"taxonomy":"category","embeddable":true,"href":"https:\/\/www.ahne-international.de\/index.php?rest_route=%2Fwp%2Fv2%2Fcategories&post=13187"},{"taxonomy":"post_tag","embeddable":true,"href":"https:\/\/www.ahne-international.de\/index.php?rest_route=%2Fwp%2Fv2%2Ftags&post=13187"}],"curies":[{"name":"wp","href":"https:\/\/api.w.org\/{rel}","templated":true}]}}