{"id":3171,"date":"2013-04-17T13:59:54","date_gmt":"2013-04-17T12:59:54","guid":{"rendered":"http:\/\/www.ahne-international.de\/?p=3171"},"modified":"2013-04-17T13:59:54","modified_gmt":"2013-04-17T12:59:54","slug":"hoyerswerda-und-lichtenhagen-waren-wohl-nur-auseinandersetzungen-unter-jugendlichen-oder-wie","status":"publish","type":"post","link":"https:\/\/www.ahne-international.de\/?p=3171","title":{"rendered":"Hoyerswerda und Lichtenhagen waren wohl nur Auseinandersetzungen unter Jugendlichen, oder wie?"},"content":{"rendered":"<p>In einer ARD-Talkshow zum Thema NSU-Prozess verlautbarte die SPIEGEL-Gerichtsreporterin Gisela Friedrichsen j\u00fcngst, dass sie bis zum Aufdecken der Morde des NSU sich nicht habe vorstellen k\u00f6nnen, dass so etwas in diesem Lande mit dieser Geschichte noch einmal h\u00e4tte passieren k\u00f6nnen. Da fragte ich mich doch vor dem Fernseher sitzend, ob die gute Frau die letzten 23 Jahre, in welchen zumindest ich im selben Lande lebte, komplett geschlafen hat. Es macht mich regelm\u00e4\u00dfig zornig, dass andauernd getan wird als seien diese NSU-Morde v\u00f6llig aus dem Nichts gekommen, als habe es nicht mehr als 140 Morde mit rechtsradikalem Hintergrund auch so gegeben, als w\u00e4ren nicht massenhaft Menschen auf Grund ihrer Hautfarbe, Nationalit\u00e4t, sexueller Ausrichtung, politischer Gesinnung oder Behinderung durch die Stra\u00dfen gehetzt, angespuckt, angep\u00f6belt, geschlagen, getreten, aus der Stra\u00dfenbahn geschmissen, mit Steinen beworfen, in Heimen mit Brands\u00e4tzen angegriffen etc. pp. worden. Das entschuldigt den Terrorismus der NSU nicht, aber dass es sich lediglich um die Spitze eines Eisberges handelt, sollte doch offensichtlich sein.<\/p>\n<p>Tipp f\u00fcr heute: Sich ab und zu den Wecker stellen, wenn man mitreden will.<\/p>\n","protected":false},"excerpt":{"rendered":"<p>In einer ARD-Talkshow zum Thema NSU-Prozess verlautbarte die SPIEGEL-Gerichtsreporterin Gisela Friedrichsen j\u00fcngst, dass sie bis zum Aufdecken der Morde des NSU sich nicht habe vorstellen k\u00f6nnen, dass so etwas in diesem Lande mit dieser Geschichte noch einmal h\u00e4tte passieren k\u00f6nnen. Da fragte ich mich doch vor dem Fernseher sitzend, ob die gute Frau die letzten [&hellip;]<\/p>\n","protected":false},"author":53,"featured_media":0,"comment_status":"open","ping_status":"open","sticky":false,"template":"","format":"standard","meta":{"footnotes":""},"categories":[1],"tags":[],"class_list":["post-3171","post","type-post","status-publish","format-standard","hentry","category-allgemein"],"_links":{"self":[{"href":"https:\/\/www.ahne-international.de\/index.php?rest_route=\/wp\/v2\/posts\/3171","targetHints":{"allow":["GET"]}}],"collection":[{"href":"https:\/\/www.ahne-international.de\/index.php?rest_route=\/wp\/v2\/posts"}],"about":[{"href":"https:\/\/www.ahne-international.de\/index.php?rest_route=\/wp\/v2\/types\/post"}],"author":[{"embeddable":true,"href":"https:\/\/www.ahne-international.de\/index.php?rest_route=\/wp\/v2\/users\/53"}],"replies":[{"embeddable":true,"href":"https:\/\/www.ahne-international.de\/index.php?rest_route=%2Fwp%2Fv2%2Fcomments&post=3171"}],"version-history":[{"count":1,"href":"https:\/\/www.ahne-international.de\/index.php?rest_route=\/wp\/v2\/posts\/3171\/revisions"}],"predecessor-version":[{"id":3172,"href":"https:\/\/www.ahne-international.de\/index.php?rest_route=\/wp\/v2\/posts\/3171\/revisions\/3172"}],"wp:attachment":[{"href":"https:\/\/www.ahne-international.de\/index.php?rest_route=%2Fwp%2Fv2%2Fmedia&parent=3171"}],"wp:term":[{"taxonomy":"category","embeddable":true,"href":"https:\/\/www.ahne-international.de\/index.php?rest_route=%2Fwp%2Fv2%2Fcategories&post=3171"},{"taxonomy":"post_tag","embeddable":true,"href":"https:\/\/www.ahne-international.de\/index.php?rest_route=%2Fwp%2Fv2%2Ftags&post=3171"}],"curies":[{"name":"wp","href":"https:\/\/api.w.org\/{rel}","templated":true}]}}