{"id":3615,"date":"2013-09-12T13:43:16","date_gmt":"2013-09-12T12:43:16","guid":{"rendered":"http:\/\/www.ahne-international.de\/?p=3615"},"modified":"2013-09-12T14:00:37","modified_gmt":"2013-09-12T13:00:37","slug":"zwei-der-nominierten-tragen-einen-strich-auf-einem-e-ihres-namens-spazieren-findet-heraus-welche","status":"publish","type":"post","link":"https:\/\/www.ahne-international.de\/?p=3615","title":{"rendered":"Zwei der Nominierten tragen einen Strich auf einem e ihres Namens spazieren, findet heraus welche"},"content":{"rendered":"<p>F\u00fcr die Shortlist des Deutschen Buchpreises nominiert sind: Monika Zeiner, Marion Poschmann, Terezia Moras, Mirko Bonne, Reinhard Jirgl und Clemens Meyer. Jeweils mit einem Buch, welches sie selbst geschrieben haben. Jedenfalls behaupten sie dies. Ich pers\u00f6nlich bin ja f\u00fcr Clemens Meyer, weil es der einzige ist, den ich kenne, also von denen jetzt, und ich sogar schon mal Bier mit ihm getrunken habe. Die anderen sind aber bestimmt auch ganz toll, weil, sonst w\u00e4ren sie ja nicht nominiert.<\/p>\n<p>Tipp f\u00fcr heute: In das Haus der Berliner Festspiele pilgern, zu einer Diskussion \u00fcber das Werk von J\u00fcrgen Witte und Jakob Hein: &#8218;Deutsche und Humor &#8211; Geschichte einer Feindschaft&#8216; mit den Diskutanten Silke Burmester, F.W. Bernstein und Kurt Kr\u00f6mer (neben den beiden Autoren nat\u00fcrlich)<\/p>\n","protected":false},"excerpt":{"rendered":"<p>F\u00fcr die Shortlist des Deutschen Buchpreises nominiert sind: Monika Zeiner, Marion Poschmann, Terezia Moras, Mirko Bonne, Reinhard Jirgl und Clemens Meyer. Jeweils mit einem Buch, welches sie selbst geschrieben haben. Jedenfalls behaupten sie dies. Ich pers\u00f6nlich bin ja f\u00fcr Clemens Meyer, weil es der einzige ist, den ich kenne, also von denen jetzt, und ich [&hellip;]<\/p>\n","protected":false},"author":53,"featured_media":0,"comment_status":"open","ping_status":"open","sticky":false,"template":"","format":"standard","meta":{"footnotes":""},"categories":[1],"tags":[],"class_list":["post-3615","post","type-post","status-publish","format-standard","hentry","category-allgemein"],"_links":{"self":[{"href":"https:\/\/www.ahne-international.de\/index.php?rest_route=\/wp\/v2\/posts\/3615","targetHints":{"allow":["GET"]}}],"collection":[{"href":"https:\/\/www.ahne-international.de\/index.php?rest_route=\/wp\/v2\/posts"}],"about":[{"href":"https:\/\/www.ahne-international.de\/index.php?rest_route=\/wp\/v2\/types\/post"}],"author":[{"embeddable":true,"href":"https:\/\/www.ahne-international.de\/index.php?rest_route=\/wp\/v2\/users\/53"}],"replies":[{"embeddable":true,"href":"https:\/\/www.ahne-international.de\/index.php?rest_route=%2Fwp%2Fv2%2Fcomments&post=3615"}],"version-history":[{"count":3,"href":"https:\/\/www.ahne-international.de\/index.php?rest_route=\/wp\/v2\/posts\/3615\/revisions"}],"predecessor-version":[{"id":3617,"href":"https:\/\/www.ahne-international.de\/index.php?rest_route=\/wp\/v2\/posts\/3615\/revisions\/3617"}],"wp:attachment":[{"href":"https:\/\/www.ahne-international.de\/index.php?rest_route=%2Fwp%2Fv2%2Fmedia&parent=3615"}],"wp:term":[{"taxonomy":"category","embeddable":true,"href":"https:\/\/www.ahne-international.de\/index.php?rest_route=%2Fwp%2Fv2%2Fcategories&post=3615"},{"taxonomy":"post_tag","embeddable":true,"href":"https:\/\/www.ahne-international.de\/index.php?rest_route=%2Fwp%2Fv2%2Ftags&post=3615"}],"curies":[{"name":"wp","href":"https:\/\/api.w.org\/{rel}","templated":true}]}}