{"id":3670,"date":"2013-09-25T12:04:12","date_gmt":"2013-09-25T11:04:12","guid":{"rendered":"http:\/\/www.ahne-international.de\/?p=3670"},"modified":"2013-09-25T12:05:44","modified_gmt":"2013-09-25T11:05:44","slug":"trauer","status":"publish","type":"post","link":"https:\/\/www.ahne-international.de\/?p=3670","title":{"rendered":"Trauer"},"content":{"rendered":"<p>Am meisten fehlen wird mir nach der Wahl ja Guido Westerwelle. Aber noch ist der Au\u00dfenminister im Amt. Er k\u00f6nnte doch wenigstens einmal noch seine Besorgnis \u00e4u\u00dfern, seine tiefe Besorgnis vielleicht sogar, oder sich alternativ betroffen zeigen. Zum Beispiel \u00fcber das Verbot der Partei der Muslimbr\u00fcderschaft in \u00c4gypten. Ja, dieses Land gibt es noch, auch wenn es in den hierzulande agierenden &#8222;regierungsnahen&#8220; Medien derzeit keine Rolle zu spielen scheint. Bestand der &#8222;Westen&#8220; kurze Zeit nach dem Milit\u00e4rputsch in \u00c4gypten noch auf eine Beteiligung, die jene in die Regierungsverantwortung gew\u00e4hlte Partei dort \u00fcbernehmen sollte, auf baldige Neuwahlen und R\u00fcckkehr zur Demokratie, so herrscht mittlerweile Schweigen. Was da gerade abgeht, wer in die Gef\u00e4ngnisse wandert oder wieder herauskommt scheint von untergeordnetem Interesse und es f\u00e4llt mir schwer zu glauben, dass es mit Syrien demn\u00e4chst anders sein sollte.<\/p>\n<p>Heute: Frankfurt an der Oder, Stadt- und Regionalbibliothek, 19 Uhr: <a href=\"http:\/\/www.stadtbibliothek-frankfurt-oder.de\/termine\/1377076711.php\" target=\"_blank\">Wissen trifft Ahne<\/a> (icke in Jespr\u00e4ch mit Dr. Dirk Wissen zu meinen Schaffen und denn lesick noch eins, zwei, drei und sing &#8217;n bisschen und so)<\/p>\n","protected":false},"excerpt":{"rendered":"<p>Am meisten fehlen wird mir nach der Wahl ja Guido Westerwelle. Aber noch ist der Au\u00dfenminister im Amt. Er k\u00f6nnte doch wenigstens einmal noch seine Besorgnis \u00e4u\u00dfern, seine tiefe Besorgnis vielleicht sogar, oder sich alternativ betroffen zeigen. Zum Beispiel \u00fcber das Verbot der Partei der Muslimbr\u00fcderschaft in \u00c4gypten. Ja, dieses Land gibt es noch, auch [&hellip;]<\/p>\n","protected":false},"author":53,"featured_media":0,"comment_status":"open","ping_status":"open","sticky":false,"template":"","format":"standard","meta":{"footnotes":""},"categories":[1],"tags":[],"class_list":["post-3670","post","type-post","status-publish","format-standard","hentry","category-allgemein"],"_links":{"self":[{"href":"https:\/\/www.ahne-international.de\/index.php?rest_route=\/wp\/v2\/posts\/3670","targetHints":{"allow":["GET"]}}],"collection":[{"href":"https:\/\/www.ahne-international.de\/index.php?rest_route=\/wp\/v2\/posts"}],"about":[{"href":"https:\/\/www.ahne-international.de\/index.php?rest_route=\/wp\/v2\/types\/post"}],"author":[{"embeddable":true,"href":"https:\/\/www.ahne-international.de\/index.php?rest_route=\/wp\/v2\/users\/53"}],"replies":[{"embeddable":true,"href":"https:\/\/www.ahne-international.de\/index.php?rest_route=%2Fwp%2Fv2%2Fcomments&post=3670"}],"version-history":[{"count":3,"href":"https:\/\/www.ahne-international.de\/index.php?rest_route=\/wp\/v2\/posts\/3670\/revisions"}],"predecessor-version":[{"id":3672,"href":"https:\/\/www.ahne-international.de\/index.php?rest_route=\/wp\/v2\/posts\/3670\/revisions\/3672"}],"wp:attachment":[{"href":"https:\/\/www.ahne-international.de\/index.php?rest_route=%2Fwp%2Fv2%2Fmedia&parent=3670"}],"wp:term":[{"taxonomy":"category","embeddable":true,"href":"https:\/\/www.ahne-international.de\/index.php?rest_route=%2Fwp%2Fv2%2Fcategories&post=3670"},{"taxonomy":"post_tag","embeddable":true,"href":"https:\/\/www.ahne-international.de\/index.php?rest_route=%2Fwp%2Fv2%2Ftags&post=3670"}],"curies":[{"name":"wp","href":"https:\/\/api.w.org\/{rel}","templated":true}]}}