{"id":3964,"date":"2013-12-18T16:42:10","date_gmt":"2013-12-18T15:42:10","guid":{"rendered":"http:\/\/www.ahne-international.de\/?p=3964"},"modified":"2013-12-18T16:42:10","modified_gmt":"2013-12-18T15:42:10","slug":"wurzeln-unseres-brauchtums","status":"publish","type":"post","link":"https:\/\/www.ahne-international.de\/?p=3964","title":{"rendered":"Wurzeln unseres Brauchtums"},"content":{"rendered":"<p>Dank des Horterziehers Herr Steinh\u00e4user aus der Grundschule am Teutoburger Platz wei\u00df ich seit heute, dass es ein Kaufmann aus Berlin war, der im 19. Jahrhundert auf die Idee kam Weihnachtsb\u00e4ume mit \u00c4pfeln zu schm\u00fccken. Vorher standen die wohl nur so da, die Weihnachtsb\u00e4ume, nur so gr\u00fcn und dann kam aber der Kaufmann, der am Gendarmenmarkt wohnte und dachte sich: &#8218;H\u00e4h, warum sind die denn nur gr\u00fcn? H\u00e4h, da k\u00f6nnte man doch bequem \u00c4pfel noch dran bammeln, dann w\u00fcrde das doch viel sch\u00f6ner aussehen. Aber bevor ich das gleich mache, gehe ich erst mal r\u00fcber meine Kinder verkloppen.&#8216; Also Letzteres ist jetzt zwar nicht \u00fcberliefert, aber ich nehme mal stark an, dass er sich sowas auch gedacht hat, denn das haben damals doch alle gedacht, also fast alle, jedenfalls mehr als heute. Mann-O-Meter bin ich froh, dass ich heute lebe.<\/p>\n<p>Tipp f\u00fcr heute: Lasst uns froh und munter sein.<\/p>\n","protected":false},"excerpt":{"rendered":"<p>Dank des Horterziehers Herr Steinh\u00e4user aus der Grundschule am Teutoburger Platz wei\u00df ich seit heute, dass es ein Kaufmann aus Berlin war, der im 19. Jahrhundert auf die Idee kam Weihnachtsb\u00e4ume mit \u00c4pfeln zu schm\u00fccken. Vorher standen die wohl nur so da, die Weihnachtsb\u00e4ume, nur so gr\u00fcn und dann kam aber der Kaufmann, der am [&hellip;]<\/p>\n","protected":false},"author":53,"featured_media":0,"comment_status":"open","ping_status":"open","sticky":false,"template":"","format":"standard","meta":{"footnotes":""},"categories":[1],"tags":[],"class_list":["post-3964","post","type-post","status-publish","format-standard","hentry","category-allgemein"],"_links":{"self":[{"href":"https:\/\/www.ahne-international.de\/index.php?rest_route=\/wp\/v2\/posts\/3964","targetHints":{"allow":["GET"]}}],"collection":[{"href":"https:\/\/www.ahne-international.de\/index.php?rest_route=\/wp\/v2\/posts"}],"about":[{"href":"https:\/\/www.ahne-international.de\/index.php?rest_route=\/wp\/v2\/types\/post"}],"author":[{"embeddable":true,"href":"https:\/\/www.ahne-international.de\/index.php?rest_route=\/wp\/v2\/users\/53"}],"replies":[{"embeddable":true,"href":"https:\/\/www.ahne-international.de\/index.php?rest_route=%2Fwp%2Fv2%2Fcomments&post=3964"}],"version-history":[{"count":1,"href":"https:\/\/www.ahne-international.de\/index.php?rest_route=\/wp\/v2\/posts\/3964\/revisions"}],"predecessor-version":[{"id":3965,"href":"https:\/\/www.ahne-international.de\/index.php?rest_route=\/wp\/v2\/posts\/3964\/revisions\/3965"}],"wp:attachment":[{"href":"https:\/\/www.ahne-international.de\/index.php?rest_route=%2Fwp%2Fv2%2Fmedia&parent=3964"}],"wp:term":[{"taxonomy":"category","embeddable":true,"href":"https:\/\/www.ahne-international.de\/index.php?rest_route=%2Fwp%2Fv2%2Fcategories&post=3964"},{"taxonomy":"post_tag","embeddable":true,"href":"https:\/\/www.ahne-international.de\/index.php?rest_route=%2Fwp%2Fv2%2Ftags&post=3964"}],"curies":[{"name":"wp","href":"https:\/\/api.w.org\/{rel}","templated":true}]}}