{"id":3986,"date":"2013-12-28T18:56:27","date_gmt":"2013-12-28T17:56:27","guid":{"rendered":"http:\/\/www.ahne-international.de\/?p=3986"},"modified":"2013-12-28T18:58:20","modified_gmt":"2013-12-28T17:58:20","slug":"schade-dass-westerwelle-nicht-mehr-so-richtig-besorgt-sein-kann","status":"publish","type":"post","link":"https:\/\/www.ahne-international.de\/?p=3986","title":{"rendered":"Schade, dass Westerwelle nicht mehr so richtig besorgt sein kann"},"content":{"rendered":"<p>Der Milit\u00e4rdiktator \u00c4gyptens General Sisi (nicht zu verwechseln mit der \u00f6sterreichischen Kaiserin Sissi) hat j\u00fcngst einer Zeitung gestanden, dass er im Traum den fr\u00fcheren Diktator Sadat getroffen habe und dieser ihm erz\u00e4hlte, dass er bereits sehr fr\u00fch (wegen eines Traumes?) wusste, dass er einmal Pr\u00e4sident \u00c4gyptens werden w\u00fcrde, worauf Sisi ihm antwortete, er wisse auch bereits, dass er einmal Pr\u00e4sident \u00c4gyptens sein werde. Doch damit nicht genug, denn Sisi hatte wohl noch einen weiteren Traum. Er tr\u00e4umte, wie er derselben Zeitung berichtete, dass er eine Uhr tr\u00fcge, eine Uhr der Marke Omega und diese Uhr h\u00e4tte seinen Namen getragen. Sisi. Nun, h\u00f6rt sich erstmal nicht weiter tragisch an, aber Sisi w\u00e4re nicht Sisi, wenn er nicht gleich eine Deutung seines Traumes parat gehabt h\u00e4tte. Dies n\u00e4mlich k\u00f6nne nur bedeuten, so olle Ihmtschak, dass er dereinst \u00fcberall auf der Welt so bekannt sein werde wie die weltbekannte Uhrenmarke Omega. Ein Wahnsinniger? Nur f\u00fcr manche. Andere denken er sei der Hoffnungstr\u00e4ger dieses nordafrikanischen Landes. Er wird wohl wieder f\u00fcr Ruhe und Ordnung sorgen. Friedhofsruhe und Lagerordnung.<\/p>\n<p>Tipp f\u00fcr heute: Den wundersch\u00f6nen Kinderfilm <a href=\"http:\/\/www.trailerseite.de\/film\/13\/ella-und-das-grosse-rennen-kino-trailer-28783.html\" target=\"_blank\">&#8218;Ella und das gro\u00dfe Rennen&#8216;<\/a> angucken.<\/p>\n","protected":false},"excerpt":{"rendered":"<p>Der Milit\u00e4rdiktator \u00c4gyptens General Sisi (nicht zu verwechseln mit der \u00f6sterreichischen Kaiserin Sissi) hat j\u00fcngst einer Zeitung gestanden, dass er im Traum den fr\u00fcheren Diktator Sadat getroffen habe und dieser ihm erz\u00e4hlte, dass er bereits sehr fr\u00fch (wegen eines Traumes?) wusste, dass er einmal Pr\u00e4sident \u00c4gyptens werden w\u00fcrde, worauf Sisi ihm antwortete, er wisse auch [&hellip;]<\/p>\n","protected":false},"author":53,"featured_media":0,"comment_status":"open","ping_status":"open","sticky":false,"template":"","format":"standard","meta":{"footnotes":""},"categories":[1],"tags":[],"class_list":["post-3986","post","type-post","status-publish","format-standard","hentry","category-allgemein"],"_links":{"self":[{"href":"https:\/\/www.ahne-international.de\/index.php?rest_route=\/wp\/v2\/posts\/3986","targetHints":{"allow":["GET"]}}],"collection":[{"href":"https:\/\/www.ahne-international.de\/index.php?rest_route=\/wp\/v2\/posts"}],"about":[{"href":"https:\/\/www.ahne-international.de\/index.php?rest_route=\/wp\/v2\/types\/post"}],"author":[{"embeddable":true,"href":"https:\/\/www.ahne-international.de\/index.php?rest_route=\/wp\/v2\/users\/53"}],"replies":[{"embeddable":true,"href":"https:\/\/www.ahne-international.de\/index.php?rest_route=%2Fwp%2Fv2%2Fcomments&post=3986"}],"version-history":[{"count":2,"href":"https:\/\/www.ahne-international.de\/index.php?rest_route=\/wp\/v2\/posts\/3986\/revisions"}],"predecessor-version":[{"id":3988,"href":"https:\/\/www.ahne-international.de\/index.php?rest_route=\/wp\/v2\/posts\/3986\/revisions\/3988"}],"wp:attachment":[{"href":"https:\/\/www.ahne-international.de\/index.php?rest_route=%2Fwp%2Fv2%2Fmedia&parent=3986"}],"wp:term":[{"taxonomy":"category","embeddable":true,"href":"https:\/\/www.ahne-international.de\/index.php?rest_route=%2Fwp%2Fv2%2Fcategories&post=3986"},{"taxonomy":"post_tag","embeddable":true,"href":"https:\/\/www.ahne-international.de\/index.php?rest_route=%2Fwp%2Fv2%2Ftags&post=3986"}],"curies":[{"name":"wp","href":"https:\/\/api.w.org\/{rel}","templated":true}]}}