{"id":4314,"date":"2014-04-01T13:06:26","date_gmt":"2014-04-01T12:06:26","guid":{"rendered":"http:\/\/www.ahne-international.de\/?p=4314"},"modified":"2014-04-01T13:08:43","modified_gmt":"2014-04-01T12:08:43","slug":"zeitmessung-demnachst-im-dezimalsystem-und-ahnliches","status":"publish","type":"post","link":"https:\/\/www.ahne-international.de\/?p=4314","title":{"rendered":"Zeitmessung demn\u00e4chst im Dezimalsystem und \u00c4hnliches"},"content":{"rendered":"<p>Laut Agenturmeldungen soll es k\u00fcnftig \u00fcberregional erscheinenden Zeitungen und Zeitschriften sowie s\u00e4mtlichen Radio- und Fernsehstationen untersagt werden am 1. April mutwillig Meldungen zu ver\u00f6ffentlichen deren Wahrheitsgehalt nicht stimme. So genannte Aprilscherze, in Deutschland bereits seit mehreren Jahren in Mode, verursachten bei nicht wenigen Menschen \u00dcbelkeit und schlechte Laune und seien damit geeignet das soziale Klima nachhaltig zu vergiften. Karnevalsvereine und der Bund deutscher Kleing\u00e4rtner k\u00fcndigten daraufhin massive Protestaktionen an. &#8222;Wir werden so lange das Parlament blockieren, bis die Schweine sich stellen und dann h\u00e4ngen wir sie auf&#8220;, \u00e4u\u00dferte der stellvertretende Vorstandsvorsitzende des Senftenberger Karnevalsvereins Prinz Fillip unwirsch. Seine Frau distanzierte sich wenig sp\u00e4ter von ihm. &#8222;Gewalt sei auch keine L\u00f6sung&#8220;, so Prinzessin Gesine.<\/p>\n<p>Heute: Berlin-Lichtenberg, <a href=\"http:\/\/kant.be.schule.de\/\" target=\"_blank\">Immanuel-Kant-Gymnasium<\/a>, 19 Uhr: Kant-Abend, Ahne liest, singt und trinkt (mit mich)<\/p>\n","protected":false},"excerpt":{"rendered":"<p>Laut Agenturmeldungen soll es k\u00fcnftig \u00fcberregional erscheinenden Zeitungen und Zeitschriften sowie s\u00e4mtlichen Radio- und Fernsehstationen untersagt werden am 1. April mutwillig Meldungen zu ver\u00f6ffentlichen deren Wahrheitsgehalt nicht stimme. So genannte Aprilscherze, in Deutschland bereits seit mehreren Jahren in Mode, verursachten bei nicht wenigen Menschen \u00dcbelkeit und schlechte Laune und seien damit geeignet das soziale Klima [&hellip;]<\/p>\n","protected":false},"author":53,"featured_media":0,"comment_status":"open","ping_status":"open","sticky":false,"template":"","format":"standard","meta":{"footnotes":""},"categories":[1],"tags":[],"class_list":["post-4314","post","type-post","status-publish","format-standard","hentry","category-allgemein"],"_links":{"self":[{"href":"https:\/\/www.ahne-international.de\/index.php?rest_route=\/wp\/v2\/posts\/4314","targetHints":{"allow":["GET"]}}],"collection":[{"href":"https:\/\/www.ahne-international.de\/index.php?rest_route=\/wp\/v2\/posts"}],"about":[{"href":"https:\/\/www.ahne-international.de\/index.php?rest_route=\/wp\/v2\/types\/post"}],"author":[{"embeddable":true,"href":"https:\/\/www.ahne-international.de\/index.php?rest_route=\/wp\/v2\/users\/53"}],"replies":[{"embeddable":true,"href":"https:\/\/www.ahne-international.de\/index.php?rest_route=%2Fwp%2Fv2%2Fcomments&post=4314"}],"version-history":[{"count":2,"href":"https:\/\/www.ahne-international.de\/index.php?rest_route=\/wp\/v2\/posts\/4314\/revisions"}],"predecessor-version":[{"id":4316,"href":"https:\/\/www.ahne-international.de\/index.php?rest_route=\/wp\/v2\/posts\/4314\/revisions\/4316"}],"wp:attachment":[{"href":"https:\/\/www.ahne-international.de\/index.php?rest_route=%2Fwp%2Fv2%2Fmedia&parent=4314"}],"wp:term":[{"taxonomy":"category","embeddable":true,"href":"https:\/\/www.ahne-international.de\/index.php?rest_route=%2Fwp%2Fv2%2Fcategories&post=4314"},{"taxonomy":"post_tag","embeddable":true,"href":"https:\/\/www.ahne-international.de\/index.php?rest_route=%2Fwp%2Fv2%2Ftags&post=4314"}],"curies":[{"name":"wp","href":"https:\/\/api.w.org\/{rel}","templated":true}]}}