{"id":5469,"date":"2015-04-20T18:15:20","date_gmt":"2015-04-20T17:15:20","guid":{"rendered":"http:\/\/www.ahne-international.de\/?p=5469"},"modified":"2015-04-20T18:15:20","modified_gmt":"2015-04-20T17:15:20","slug":"faehrlinien-steigen-in-den-brueckenbau-ein","status":"publish","type":"post","link":"https:\/\/www.ahne-international.de\/?p=5469","title":{"rendered":"F\u00e4hrlinien steigen in den Br\u00fcckenbau ein"},"content":{"rendered":"<p>Kennt eigentlich irgendjemand von euch einen gewissen Alexander Dobrindt? W\u00fcrde mich mal interessieren, was dieser Mann gelernt hat, ob er \u00fcberhaupt etwas gelernt hat und wie er es geschafft hat an den Posten des Bundesverkehrsministers zu gelangen. Besetzungscouch? Okay, ich meine, die CSU hat ja noch nie damit gegeizt wunderliche Gehirngurken an Schl\u00fcsselpositionen zu platzieren, aber dieser Typ sprengt doch echt alle Normen. &#8218;Er k\u00f6nne der Bahn nur raten sich dem Wettbewerb zu stellen und eigene Fernbuslinien auszubauen&#8216;, so jedenfalls wird er in einer Zeitung zitiert. Klar, r\u00fcckw\u00e4rts immer, vorw\u00e4rts nimmer und die Bahn macht ja sogar schon solchen Mist. Klimakatastrophe? So ein Quatsch! Gibt es nicht! Wir drehen die Zeit zur\u00fcck, alles wieder von der Schiene auf die Stra\u00dfe, Hauptsache das Benzin ist billig. Mal sehen, ob ich es noch miterlebe, wie die Menschen wieder mit Eselskarren durch die Gegend zuckeln.<\/p>\n<p>Tipp f\u00fcr heute: Sich rechtzeitig einen Stall bauen<strong>.<\/strong><\/p>\n<p>Morgen, Dienstag, 21.04.: M\u00fcnchen, Vereinsheim, 19 Uhr: Vereinsheim Schwabing (Fernsehaufzeichnung mit u.a. mich) <em>bereits ausverkauft!<\/em><\/p>\n","protected":false},"excerpt":{"rendered":"<p>Kennt eigentlich irgendjemand von euch einen gewissen Alexander Dobrindt? W\u00fcrde mich mal interessieren, was dieser Mann gelernt hat, ob er \u00fcberhaupt etwas gelernt hat und wie er es geschafft hat an den Posten des Bundesverkehrsministers zu gelangen. Besetzungscouch? Okay, ich meine, die CSU hat ja noch nie damit gegeizt wunderliche Gehirngurken an Schl\u00fcsselpositionen zu platzieren, [&hellip;]<\/p>\n","protected":false},"author":53,"featured_media":0,"comment_status":"open","ping_status":"open","sticky":false,"template":"","format":"standard","meta":{"footnotes":""},"categories":[1],"tags":[],"class_list":["post-5469","post","type-post","status-publish","format-standard","hentry","category-allgemein"],"_links":{"self":[{"href":"https:\/\/www.ahne-international.de\/index.php?rest_route=\/wp\/v2\/posts\/5469","targetHints":{"allow":["GET"]}}],"collection":[{"href":"https:\/\/www.ahne-international.de\/index.php?rest_route=\/wp\/v2\/posts"}],"about":[{"href":"https:\/\/www.ahne-international.de\/index.php?rest_route=\/wp\/v2\/types\/post"}],"author":[{"embeddable":true,"href":"https:\/\/www.ahne-international.de\/index.php?rest_route=\/wp\/v2\/users\/53"}],"replies":[{"embeddable":true,"href":"https:\/\/www.ahne-international.de\/index.php?rest_route=%2Fwp%2Fv2%2Fcomments&post=5469"}],"version-history":[{"count":1,"href":"https:\/\/www.ahne-international.de\/index.php?rest_route=\/wp\/v2\/posts\/5469\/revisions"}],"predecessor-version":[{"id":5470,"href":"https:\/\/www.ahne-international.de\/index.php?rest_route=\/wp\/v2\/posts\/5469\/revisions\/5470"}],"wp:attachment":[{"href":"https:\/\/www.ahne-international.de\/index.php?rest_route=%2Fwp%2Fv2%2Fmedia&parent=5469"}],"wp:term":[{"taxonomy":"category","embeddable":true,"href":"https:\/\/www.ahne-international.de\/index.php?rest_route=%2Fwp%2Fv2%2Fcategories&post=5469"},{"taxonomy":"post_tag","embeddable":true,"href":"https:\/\/www.ahne-international.de\/index.php?rest_route=%2Fwp%2Fv2%2Ftags&post=5469"}],"curies":[{"name":"wp","href":"https:\/\/api.w.org\/{rel}","templated":true}]}}