{"id":5752,"date":"2015-07-23T10:21:25","date_gmt":"2015-07-23T09:21:25","guid":{"rendered":"http:\/\/www.ahne-international.de\/?p=5752"},"modified":"2015-07-23T10:24:10","modified_gmt":"2015-07-23T09:24:10","slug":"yesterday","status":"publish","type":"post","link":"https:\/\/www.ahne-international.de\/?p=5752","title":{"rendered":"Yesterday"},"content":{"rendered":"<p>Gestern lief <a href=\"http:\/\/www.radioeins.de\/programm\/sendungen\/modo1619\/zwiegespraeche_mit\/fuer-immer.html\" target=\"_blank\">die letzte Folge<\/a> von &#8218;Zwiegespr\u00e4che mit Gott&#8216; auf Radio Eins. Vielen Dank nochmal an Tommy Wosch f\u00fcr die sch\u00f6ne An- oder besser Absage. Zum &#8222;Warum?&#8220; kann ich hier nicht wirklich was sagen, da mir pers\u00f6nlich nichts mitgeteilt worden ist. Wahrscheinlich ist Gott einfach zu alt geworden f\u00fcr den Sender oder ich bin es oder es gab Beschwerden, kann sein. Die &#8218;Zwiegespr\u00e4che&#8216; wird es nat\u00fcrlich weiterhin geben, bei der <a href=\"http:\/\/www.reformbuehne.de\" target=\"_blank\">Reformb\u00fchne Heim &amp; Welt <\/a>jeden Sonntag live, und vielleicht hier oder da, mal sehen. F\u00fcr alle Radio Eins-H\u00f6rer: Ab September wird Sarah Bosetti den Sendeplatz \u00fcbernehmen. Die ist sehr gut.<\/p>\n<p>Tipp f\u00fcr heute: Die Zukunft entfalten.<\/p>\n","protected":false},"excerpt":{"rendered":"<p>Gestern lief die letzte Folge von &#8218;Zwiegespr\u00e4che mit Gott&#8216; auf Radio Eins. Vielen Dank nochmal an Tommy Wosch f\u00fcr die sch\u00f6ne An- oder besser Absage. Zum &#8222;Warum?&#8220; kann ich hier nicht wirklich was sagen, da mir pers\u00f6nlich nichts mitgeteilt worden ist. Wahrscheinlich ist Gott einfach zu alt geworden f\u00fcr den Sender oder ich bin es [&hellip;]<\/p>\n","protected":false},"author":53,"featured_media":0,"comment_status":"open","ping_status":"open","sticky":false,"template":"","format":"standard","meta":{"footnotes":""},"categories":[1],"tags":[],"class_list":["post-5752","post","type-post","status-publish","format-standard","hentry","category-allgemein"],"_links":{"self":[{"href":"https:\/\/www.ahne-international.de\/index.php?rest_route=\/wp\/v2\/posts\/5752","targetHints":{"allow":["GET"]}}],"collection":[{"href":"https:\/\/www.ahne-international.de\/index.php?rest_route=\/wp\/v2\/posts"}],"about":[{"href":"https:\/\/www.ahne-international.de\/index.php?rest_route=\/wp\/v2\/types\/post"}],"author":[{"embeddable":true,"href":"https:\/\/www.ahne-international.de\/index.php?rest_route=\/wp\/v2\/users\/53"}],"replies":[{"embeddable":true,"href":"https:\/\/www.ahne-international.de\/index.php?rest_route=%2Fwp%2Fv2%2Fcomments&post=5752"}],"version-history":[{"count":3,"href":"https:\/\/www.ahne-international.de\/index.php?rest_route=\/wp\/v2\/posts\/5752\/revisions"}],"predecessor-version":[{"id":5755,"href":"https:\/\/www.ahne-international.de\/index.php?rest_route=\/wp\/v2\/posts\/5752\/revisions\/5755"}],"wp:attachment":[{"href":"https:\/\/www.ahne-international.de\/index.php?rest_route=%2Fwp%2Fv2%2Fmedia&parent=5752"}],"wp:term":[{"taxonomy":"category","embeddable":true,"href":"https:\/\/www.ahne-international.de\/index.php?rest_route=%2Fwp%2Fv2%2Fcategories&post=5752"},{"taxonomy":"post_tag","embeddable":true,"href":"https:\/\/www.ahne-international.de\/index.php?rest_route=%2Fwp%2Fv2%2Ftags&post=5752"}],"curies":[{"name":"wp","href":"https:\/\/api.w.org\/{rel}","templated":true}]}}