{"id":5781,"date":"2015-08-01T15:47:19","date_gmt":"2015-08-01T14:47:19","guid":{"rendered":"http:\/\/www.ahne-international.de\/?p=5781"},"modified":"2015-08-01T15:50:47","modified_gmt":"2015-08-01T14:50:47","slug":"fahn-mit-bus-und-bahn","status":"publish","type":"post","link":"https:\/\/www.ahne-international.de\/?p=5781","title":{"rendered":"Fah&#8217;n mit Bus und Bahn"},"content":{"rendered":"<p>Ich war heute in der Heimat der H\u00fchner, im M\u00e4rkischen Viertel, jedenfalls stand das so geschrieben, auf einem Schild, einer Rockerkneipe. &#8218;Home of Chicken&#8216; stand da und es gab allerlei H\u00fchner im Angebot, gebraten und &#8230; gebraten, wie es H\u00fchner eben m\u00f6gen und nicht nur H\u00fchner, denn die Rockerkneipe bot auch jeder Menge anderen Tieren ein Zuhause, dem Lamm und dem Rind und der Kartoffel, wobei die Kartoffel streng genommen kein Tier ist, jedenfalls behaupten das Wissenschaftler so. Im M\u00e4rkischen Viertel ist es wirklich sehr sch\u00f6n. Die Sonne scheint und es gibt Wespennester und im M\u00e4rkischen Zentrum auch jede Menge Kneipen, die gut gef\u00fcllt sind mit biertrinkenden M\u00e4nnern, zur Mittagszeit zumindest. Ein Ort, durchaus, wo man hinziehen k\u00f6nnte, wenn man mal alt ist oder auch jetzt schon.<\/p>\n<p>Tipp f\u00fcr heute: Nicht immer nur an denselben Ecken rumlungern.<\/p>\n<p><strong>Morgen, Sonntag, 02.08. 2015<\/strong><\/p>\n<p><strong>Heidelberg, <a href=\"http:\/\/www.google.de\/url?sa=t&amp;rct=j&amp;q=&amp;esrc=s&amp;source=web&amp;cd=1&amp;cad=rja&amp;uact=8&amp;ved=0CCIQFjAA&amp;url=http%3A%2F%2Fwww.villanachttanz.de%2F&amp;ei=_qOSVaHTOMGp-QHW3ICIDg&amp;usg=AFQjCNERBrINQdXLA5rMdb2Tq09eVS4E1g&amp;bvm=bv.96783405,d.cWw\" target=\"_blank\">Villa Nachttanz<\/a>, 20 Uhr: Ahne liest, singt und trinkt (im Rahmen von 14 Jahren Festivilla)<\/strong><\/p>\n<p><strong>oder<\/strong><\/p>\n<p><strong>Berlin, <a href=\"http:\/\/www.google.de\/url?sa=t&amp;rct=j&amp;q=&amp;esrc=s&amp;source=web&amp;cd=3&amp;ved=0CDgQFjAC&amp;url=http%3A%2F%2Fwww.tanzsuite.de%2F&amp;ei=XGzSU4qhKMb64QSLw4HYAQ&amp;usg=AFQjCNHkLuvn-y-yWzqqox4064YzX38aGg&amp;bvm=bv.71667212,d.bGE&amp;cad=rja\" target=\"_blank\">Haus Berlin Panorama-Lounge<\/a>, 20:15 Uhr: <a href=\"http:\/\/www.reformbuehne.de\" target=\"_blank\">Reformb\u00fchne Heim &amp; Welt<\/a> mit Uli Hannemann, Falko Hennig und den volle Breitseite grandiosen Starg\u00e4sten Konrad Endler (Surfpoeten), Sarah Bosetti (Couchpoetos), Sebastian Lehmann (Lesed\u00fcne) und Stefan Gro\u00df (Stefan Gro\u00df)<\/strong><\/p>\n","protected":false},"excerpt":{"rendered":"<p>Ich war heute in der Heimat der H\u00fchner, im M\u00e4rkischen Viertel, jedenfalls stand das so geschrieben, auf einem Schild, einer Rockerkneipe. &#8218;Home of Chicken&#8216; stand da und es gab allerlei H\u00fchner im Angebot, gebraten und &#8230; gebraten, wie es H\u00fchner eben m\u00f6gen und nicht nur H\u00fchner, denn die Rockerkneipe bot auch jeder Menge anderen Tieren [&hellip;]<\/p>\n","protected":false},"author":53,"featured_media":0,"comment_status":"open","ping_status":"open","sticky":false,"template":"","format":"standard","meta":{"footnotes":""},"categories":[1],"tags":[],"class_list":["post-5781","post","type-post","status-publish","format-standard","hentry","category-allgemein"],"_links":{"self":[{"href":"https:\/\/www.ahne-international.de\/index.php?rest_route=\/wp\/v2\/posts\/5781","targetHints":{"allow":["GET"]}}],"collection":[{"href":"https:\/\/www.ahne-international.de\/index.php?rest_route=\/wp\/v2\/posts"}],"about":[{"href":"https:\/\/www.ahne-international.de\/index.php?rest_route=\/wp\/v2\/types\/post"}],"author":[{"embeddable":true,"href":"https:\/\/www.ahne-international.de\/index.php?rest_route=\/wp\/v2\/users\/53"}],"replies":[{"embeddable":true,"href":"https:\/\/www.ahne-international.de\/index.php?rest_route=%2Fwp%2Fv2%2Fcomments&post=5781"}],"version-history":[{"count":4,"href":"https:\/\/www.ahne-international.de\/index.php?rest_route=\/wp\/v2\/posts\/5781\/revisions"}],"predecessor-version":[{"id":5787,"href":"https:\/\/www.ahne-international.de\/index.php?rest_route=\/wp\/v2\/posts\/5781\/revisions\/5787"}],"wp:attachment":[{"href":"https:\/\/www.ahne-international.de\/index.php?rest_route=%2Fwp%2Fv2%2Fmedia&parent=5781"}],"wp:term":[{"taxonomy":"category","embeddable":true,"href":"https:\/\/www.ahne-international.de\/index.php?rest_route=%2Fwp%2Fv2%2Fcategories&post=5781"},{"taxonomy":"post_tag","embeddable":true,"href":"https:\/\/www.ahne-international.de\/index.php?rest_route=%2Fwp%2Fv2%2Ftags&post=5781"}],"curies":[{"name":"wp","href":"https:\/\/api.w.org\/{rel}","templated":true}]}}