{"id":584,"date":"2009-09-23T11:33:22","date_gmt":"2009-09-23T10:33:22","guid":{"rendered":"http:\/\/www.ahne-international.de\/?p=584"},"modified":"2009-09-23T13:31:50","modified_gmt":"2009-09-23T12:31:50","slug":"der-heckenschutze-vom-arbeitsamt","status":"publish","type":"post","link":"https:\/\/www.ahne-international.de\/?p=584","title":{"rendered":"Der Heckensch\u00fctze vom Arbeitsamt"},"content":{"rendered":"<p>Nach Spider und meiner Wenigkeit verl\u00e4sst nun auch <a href=\"http:\/\/robertweber.wordpress.com\" target=\"_blank\">Robert Weber<\/a> heute abend die Surfpoeten. Ab 21 Uhr wird er zum letzten Mal der regul\u00e4ren Stammbesetzung angeh\u00f6ren, die dann aus Lt. Surf, Tube, Konrad Endler, Felix Jentsch und Paul Bokowski besteht. Damit m\u00fcsste der Verj\u00fcngungsprozess der weltweit tanzbarsten Leseb\u00fchne erst einmal abgeschlossen sein und sie und wir d\u00fcrfen gespannt in die Zukunft blicken. Ich w\u00fcnsche, von meinem Platz hinter einem Spaghettiberg aus, allen das Beste!<\/p>\n<p>Heute: Berlin, <a href=\"http:\/\/www.heimathafen-neukoelln.de\/\" target=\"_blank\">Heimathafen Neuk\u00f6lln<\/a>, 20 Uhr: Die gro\u00dfe Struwwelparty, mit ATAK und Fil\u00a0 und G\u00e4sten (auch mich), <strong>sowie<\/strong>, 21 Uhr: Berlin, Klub der Republik, <a href=\"http:\/\/www.surfpoeten.de\" target=\"_blank\">Die Surfpoeten<\/a><\/p>\n","protected":false},"excerpt":{"rendered":"<p>Nach Spider und meiner Wenigkeit verl\u00e4sst nun auch Robert Weber heute abend die Surfpoeten. Ab 21 Uhr wird er zum letzten Mal der regul\u00e4ren Stammbesetzung angeh\u00f6ren, die dann aus Lt. Surf, Tube, Konrad Endler, Felix Jentsch und Paul Bokowski besteht. Damit m\u00fcsste der Verj\u00fcngungsprozess der weltweit tanzbarsten Leseb\u00fchne erst einmal abgeschlossen sein und sie und [&hellip;]<\/p>\n","protected":false},"author":53,"featured_media":0,"comment_status":"open","ping_status":"open","sticky":false,"template":"","format":"standard","meta":{"footnotes":""},"categories":[1],"tags":[],"class_list":["post-584","post","type-post","status-publish","format-standard","hentry","category-allgemein"],"_links":{"self":[{"href":"https:\/\/www.ahne-international.de\/index.php?rest_route=\/wp\/v2\/posts\/584","targetHints":{"allow":["GET"]}}],"collection":[{"href":"https:\/\/www.ahne-international.de\/index.php?rest_route=\/wp\/v2\/posts"}],"about":[{"href":"https:\/\/www.ahne-international.de\/index.php?rest_route=\/wp\/v2\/types\/post"}],"author":[{"embeddable":true,"href":"https:\/\/www.ahne-international.de\/index.php?rest_route=\/wp\/v2\/users\/53"}],"replies":[{"embeddable":true,"href":"https:\/\/www.ahne-international.de\/index.php?rest_route=%2Fwp%2Fv2%2Fcomments&post=584"}],"version-history":[{"count":0,"href":"https:\/\/www.ahne-international.de\/index.php?rest_route=\/wp\/v2\/posts\/584\/revisions"}],"wp:attachment":[{"href":"https:\/\/www.ahne-international.de\/index.php?rest_route=%2Fwp%2Fv2%2Fmedia&parent=584"}],"wp:term":[{"taxonomy":"category","embeddable":true,"href":"https:\/\/www.ahne-international.de\/index.php?rest_route=%2Fwp%2Fv2%2Fcategories&post=584"},{"taxonomy":"post_tag","embeddable":true,"href":"https:\/\/www.ahne-international.de\/index.php?rest_route=%2Fwp%2Fv2%2Ftags&post=584"}],"curies":[{"name":"wp","href":"https:\/\/api.w.org\/{rel}","templated":true}]}}