{"id":7634,"date":"2017-12-17T12:38:11","date_gmt":"2017-12-17T11:38:11","guid":{"rendered":"http:\/\/www.ahne-international.de\/?p=7634"},"modified":"2017-12-17T12:38:11","modified_gmt":"2017-12-17T11:38:11","slug":"offizielle-verlautbarung","status":"publish","type":"post","link":"https:\/\/www.ahne-international.de\/?p=7634","title":{"rendered":"Offizielle Verlautbarung"},"content":{"rendered":"<p>Zu dem Eklat gestern, bei der Pressekonferenz anl\u00e4sslich der Bekanntgabe des Er\u00f6ffnungstermines meiner neuen K\u00fcchenzeile, es war ganz anders vollkommen. Es war gar nicht so, wie \u00fcberall pl\u00f6tzlich getuschelt wird, hinter vorgehaltenem R\u00fccken. Nur weil die Frau von der S\u00fcddeutschen sich keinen Campingstuhl mitgebracht hat, ist doch bei dem Herrn von der Times der Prosecco umgekippt und wenn der gesagt h\u00e4tte, dass er sich den Fleck alleine weg macht, von seiner Anzughose, dann w\u00e4re doch Mutti nie auf die Idee gekommen, da was rauszuschneiden und dann w\u00e4re der Herr auch nicht in Panik geraten und mein Bruder h\u00e4tte ihm nicht die Arme nach hinten umdrehen m\u00fcssen und, ich mein,\u00a0 er h\u00e4tte sich ja auch nicht so unverh\u00e4ltnism\u00e4\u00dfig vehement wehren m\u00fcssen und vielleicht mal in seiner Kindheit sich besser ern\u00e4hren k\u00f6nnen, so derma\u00dfen por\u00f6se Knochen, die brechen ja bereits wenn man mal scharf hinguckt, also echt! Ich glaub, die n\u00e4chste Pressekonferenz in meinem Hof findet ohne mich statt. Mein Bruder und Mutti kommen auch nicht mehr.<\/p>\n<p>Heute: Berlin, <a href=\"http:\/\/www.lovelite-berlin.de\">Lovelite<\/a>, 20 Uhr: Die Lieblingsshow mit Don Mercedes Moped (aka Rene Marik), Frank Benz (aka Frank Benz), Entertainment for the Braindead, Otto Kuhnle und mich<\/p>\n<p><strong>oder<\/strong><\/p>\n<p>Berlin, <a href=\"http:\/\/www.jaegerklause-berlin.de\">J\u00e4gerklause<\/a>, 20 Uhr: <a href=\"http:\/\/www.reformbuehne.de\">Reformb\u00fchne Heim &amp; Welt<\/a> mit Jakob Hein, Falko Hennig und J\u00fcrgen Witte, sowie den gefeierten Supergaststars Aidin Halimi (Couchpoetos) und Jim Avignon (alias Neoangin)<\/p>\n","protected":false},"excerpt":{"rendered":"<p>Zu dem Eklat gestern, bei der Pressekonferenz anl\u00e4sslich der Bekanntgabe des Er\u00f6ffnungstermines meiner neuen K\u00fcchenzeile, es war ganz anders vollkommen. Es war gar nicht so, wie \u00fcberall pl\u00f6tzlich getuschelt wird, hinter vorgehaltenem R\u00fccken. Nur weil die Frau von der S\u00fcddeutschen sich keinen Campingstuhl mitgebracht hat, ist doch bei dem Herrn von der Times der Prosecco [&hellip;]<\/p>\n","protected":false},"author":53,"featured_media":0,"comment_status":"open","ping_status":"open","sticky":false,"template":"","format":"standard","meta":{"footnotes":""},"categories":[1],"tags":[],"class_list":["post-7634","post","type-post","status-publish","format-standard","hentry","category-allgemein"],"_links":{"self":[{"href":"https:\/\/www.ahne-international.de\/index.php?rest_route=\/wp\/v2\/posts\/7634","targetHints":{"allow":["GET"]}}],"collection":[{"href":"https:\/\/www.ahne-international.de\/index.php?rest_route=\/wp\/v2\/posts"}],"about":[{"href":"https:\/\/www.ahne-international.de\/index.php?rest_route=\/wp\/v2\/types\/post"}],"author":[{"embeddable":true,"href":"https:\/\/www.ahne-international.de\/index.php?rest_route=\/wp\/v2\/users\/53"}],"replies":[{"embeddable":true,"href":"https:\/\/www.ahne-international.de\/index.php?rest_route=%2Fwp%2Fv2%2Fcomments&post=7634"}],"version-history":[{"count":1,"href":"https:\/\/www.ahne-international.de\/index.php?rest_route=\/wp\/v2\/posts\/7634\/revisions"}],"predecessor-version":[{"id":7635,"href":"https:\/\/www.ahne-international.de\/index.php?rest_route=\/wp\/v2\/posts\/7634\/revisions\/7635"}],"wp:attachment":[{"href":"https:\/\/www.ahne-international.de\/index.php?rest_route=%2Fwp%2Fv2%2Fmedia&parent=7634"}],"wp:term":[{"taxonomy":"category","embeddable":true,"href":"https:\/\/www.ahne-international.de\/index.php?rest_route=%2Fwp%2Fv2%2Fcategories&post=7634"},{"taxonomy":"post_tag","embeddable":true,"href":"https:\/\/www.ahne-international.de\/index.php?rest_route=%2Fwp%2Fv2%2Ftags&post=7634"}],"curies":[{"name":"wp","href":"https:\/\/api.w.org\/{rel}","templated":true}]}}