{"id":7661,"date":"2018-01-08T13:33:12","date_gmt":"2018-01-08T12:33:12","guid":{"rendered":"http:\/\/www.ahne-international.de\/?p=7661"},"modified":"2018-01-08T13:35:51","modified_gmt":"2018-01-08T12:35:51","slug":"gruss-aus-muenchen","status":"publish","type":"post","link":"https:\/\/www.ahne-international.de\/?p=7661","title":{"rendered":"Gru\u00df aus M\u00fcnchen"},"content":{"rendered":"<p>Jedes Jahr bin ich mindestens einmal in der bayrischen Landeshauptstadt unterwegs und das gef\u00e4llt mir immer sehr gut. Denn hier ist man meist schon weiter bereits, als im verschlafenen Berlin und so kann man sich prima informieren, was demn\u00e4chst bei uns abgehen wird. Als ich gestern ankam, war ich erneut auf &#8217;s H\u00f6chste erstaunt, denn in M\u00fcnchen sind jetzt Sch\u00f6nheitsoperationen an inneren Organen angesagt. \u00dcberall an den W\u00e4nden kleben Plakate, die f\u00fcr Magenverkleinerungen und so genannte Magenballons werben, welche man sich einsetzen lassen solle. Dachte ich erst, na ja, kostet aber sicher auch, der Spa\u00df. Doch weit gefehlt! Denn selbst f\u00fcr &#8217;s wirklich schmale Geldbeutelchen bieten sich Alternativen. In Schwabing zum Beispiel stehen in der Occamstra\u00dfe links und rechts dicht an H\u00e4userw\u00e4nde gedr\u00e4ngt findige Kleinunternehmer, die f\u00fcr ein paar Euro &#8218;Magenverkleinerungen to go&#8216; anbieten, sofort, im schummrigen Hinterhof. &#8222;Ey, pssst, willste? Kannst du haben. Billig. Guter Schnitt.&#8220; Hab mich bisher noch nicht entschieden. Warte vielleicht lieber noch ab. Bin ja eher ein Modemuffel. Oder andere w\u00fcrden sagen, ein Feigling.<\/p>\n<p>Heute: M\u00fcnchen, <a href=\"http:\/\/www.vereinsheim.net\">Vereinsheim<\/a>, 19:30 Uhr: Blickpunkt Spot mit Michi Sailer, MAIL\u00c4NDER, Nikola Ljubic, Le-Thanh-ho und mich<\/p>\n","protected":false},"excerpt":{"rendered":"<p>Jedes Jahr bin ich mindestens einmal in der bayrischen Landeshauptstadt unterwegs und das gef\u00e4llt mir immer sehr gut. Denn hier ist man meist schon weiter bereits, als im verschlafenen Berlin und so kann man sich prima informieren, was demn\u00e4chst bei uns abgehen wird. Als ich gestern ankam, war ich erneut auf &#8217;s H\u00f6chste erstaunt, denn [&hellip;]<\/p>\n","protected":false},"author":53,"featured_media":0,"comment_status":"open","ping_status":"open","sticky":false,"template":"","format":"standard","meta":{"footnotes":""},"categories":[1],"tags":[],"class_list":["post-7661","post","type-post","status-publish","format-standard","hentry","category-allgemein"],"_links":{"self":[{"href":"https:\/\/www.ahne-international.de\/index.php?rest_route=\/wp\/v2\/posts\/7661","targetHints":{"allow":["GET"]}}],"collection":[{"href":"https:\/\/www.ahne-international.de\/index.php?rest_route=\/wp\/v2\/posts"}],"about":[{"href":"https:\/\/www.ahne-international.de\/index.php?rest_route=\/wp\/v2\/types\/post"}],"author":[{"embeddable":true,"href":"https:\/\/www.ahne-international.de\/index.php?rest_route=\/wp\/v2\/users\/53"}],"replies":[{"embeddable":true,"href":"https:\/\/www.ahne-international.de\/index.php?rest_route=%2Fwp%2Fv2%2Fcomments&post=7661"}],"version-history":[{"count":3,"href":"https:\/\/www.ahne-international.de\/index.php?rest_route=\/wp\/v2\/posts\/7661\/revisions"}],"predecessor-version":[{"id":7664,"href":"https:\/\/www.ahne-international.de\/index.php?rest_route=\/wp\/v2\/posts\/7661\/revisions\/7664"}],"wp:attachment":[{"href":"https:\/\/www.ahne-international.de\/index.php?rest_route=%2Fwp%2Fv2%2Fmedia&parent=7661"}],"wp:term":[{"taxonomy":"category","embeddable":true,"href":"https:\/\/www.ahne-international.de\/index.php?rest_route=%2Fwp%2Fv2%2Fcategories&post=7661"},{"taxonomy":"post_tag","embeddable":true,"href":"https:\/\/www.ahne-international.de\/index.php?rest_route=%2Fwp%2Fv2%2Ftags&post=7661"}],"curies":[{"name":"wp","href":"https:\/\/api.w.org\/{rel}","templated":true}]}}