{"id":7709,"date":"2018-01-27T15:25:08","date_gmt":"2018-01-27T14:25:08","guid":{"rendered":"http:\/\/www.ahne-international.de\/?p=7709"},"modified":"2018-01-27T15:25:08","modified_gmt":"2018-01-27T14:25:08","slug":"alle-voegel-sind-noch-und-schon-da","status":"publish","type":"post","link":"https:\/\/www.ahne-international.de\/?p=7709","title":{"rendered":"&#8222;Alle V\u00f6gel sind noch und schon da&#8220;"},"content":{"rendered":"<p>Aufgrund des vollkommen fehlenden Winters ist in der Natur derzeit etwas eingetreten, was zumindest ich bisher so noch nicht erlebt habe. Es treffen sich n\u00e4mlich in den W\u00e4ldern die noch wachsenden Pilze aus dem Herbst mit den schon wachsenden Fr\u00fchbl\u00fchern aus dem Fr\u00fchling. Das h\u00f6rt sich erst einmal sch\u00f6n an und sieht vor allem sch\u00f6n aus, die Konsequenzen allerdings sind manchmal vielleicht nicht ganz so einfach zu h\u00f6ren oder zu sehen. Na ja. Lassen wir uns \u00fcberraschen.<\/p>\n<p>Heute: Berlin, Alte Kantine, 20 Uhr: <a href=\"http:\/\/www.kantinenlesen.de\">Kantinenlesen<\/a> mit Lee White, Micha Ebeling, Frank Sorge, Clint Lukas und mich (Dan Richter ist leider erkrankt, Gute Besserung!)<\/p>\n","protected":false},"excerpt":{"rendered":"<p>Aufgrund des vollkommen fehlenden Winters ist in der Natur derzeit etwas eingetreten, was zumindest ich bisher so noch nicht erlebt habe. Es treffen sich n\u00e4mlich in den W\u00e4ldern die noch wachsenden Pilze aus dem Herbst mit den schon wachsenden Fr\u00fchbl\u00fchern aus dem Fr\u00fchling. Das h\u00f6rt sich erst einmal sch\u00f6n an und sieht vor allem sch\u00f6n [&hellip;]<\/p>\n","protected":false},"author":53,"featured_media":0,"comment_status":"open","ping_status":"open","sticky":false,"template":"","format":"standard","meta":{"footnotes":""},"categories":[1],"tags":[],"class_list":["post-7709","post","type-post","status-publish","format-standard","hentry","category-allgemein"],"_links":{"self":[{"href":"https:\/\/www.ahne-international.de\/index.php?rest_route=\/wp\/v2\/posts\/7709","targetHints":{"allow":["GET"]}}],"collection":[{"href":"https:\/\/www.ahne-international.de\/index.php?rest_route=\/wp\/v2\/posts"}],"about":[{"href":"https:\/\/www.ahne-international.de\/index.php?rest_route=\/wp\/v2\/types\/post"}],"author":[{"embeddable":true,"href":"https:\/\/www.ahne-international.de\/index.php?rest_route=\/wp\/v2\/users\/53"}],"replies":[{"embeddable":true,"href":"https:\/\/www.ahne-international.de\/index.php?rest_route=%2Fwp%2Fv2%2Fcomments&post=7709"}],"version-history":[{"count":1,"href":"https:\/\/www.ahne-international.de\/index.php?rest_route=\/wp\/v2\/posts\/7709\/revisions"}],"predecessor-version":[{"id":7710,"href":"https:\/\/www.ahne-international.de\/index.php?rest_route=\/wp\/v2\/posts\/7709\/revisions\/7710"}],"wp:attachment":[{"href":"https:\/\/www.ahne-international.de\/index.php?rest_route=%2Fwp%2Fv2%2Fmedia&parent=7709"}],"wp:term":[{"taxonomy":"category","embeddable":true,"href":"https:\/\/www.ahne-international.de\/index.php?rest_route=%2Fwp%2Fv2%2Fcategories&post=7709"},{"taxonomy":"post_tag","embeddable":true,"href":"https:\/\/www.ahne-international.de\/index.php?rest_route=%2Fwp%2Fv2%2Ftags&post=7709"}],"curies":[{"name":"wp","href":"https:\/\/api.w.org\/{rel}","templated":true}]}}