{"id":9855,"date":"2020-11-09T13:07:16","date_gmt":"2020-11-09T12:07:16","guid":{"rendered":"https:\/\/www.ahne-international.de\/?p=9855"},"modified":"2020-11-09T13:07:16","modified_gmt":"2020-11-09T12:07:16","slug":"corona-tagebuch-141-2","status":"publish","type":"post","link":"https:\/\/www.ahne-international.de\/?p=9855","title":{"rendered":"Corona-Tagebuch 141"},"content":{"rendered":"<p>Dass es mit der Corona-Pandemie in Deutschland nicht allzu schlimm sei, k\u00f6nnte man denken, h\u00e4tte man gestern, wie ich, einen kurzen Abstecher zur M\u00f6belteile-Konzern-Filiale von IKEA nach Berlin-Lichtenberg gemacht. Massen von Menschen standen dort am verkaufsoffenen Sonntag Schlange, um Einlass zu erhalten. Keine Ahnung, wie viele Leute insgesamt durch den Konsum-Tempel geschleust worden sind, einen weitgehend fensterlosen Bunker, aber dass die Bel\u00fcftungsanlagen und die Maskenpflicht da drin Super-Spreader-Events verhindern, soll mir mal jemand erz\u00e4hlen. Der Rubel muss rollen, da k\u00f6nnen sich unsere verantwortlichen Politiker\/innen ihre besorgten Gesichter ruhig sparen. Wir verzichteten darauf Einlass zu begehren, der Wartezeit wegen, wenn ich ehrlich bin. China hat eine aus Deutschland importierte Schweinshaxe als verantwortlich f\u00fcr einen neuen Corona-Fall ausgemacht. In der ostchinesischen Stadt Tianjin hatte sich ein Arbeiter in einem K\u00fchlhaus f\u00fcr Fleischwaren infiziert. Tests ergaben, nach Berichten der chinesischen Zeitung &#8218;Global Times&#8216;, dass Virus-Spuren an der Verpackung der gefrorenen Schweinshaxe gewesen seien, welche aus Bremen nach Tianjin importiert worden war. Das Verwaltungsgericht D\u00fcsseldorf hat die generelle Maskenpflicht im Stadtgebiet ausgesetzt, allerdings nur f\u00fcr den Kl\u00e4ger, weil nicht eindeutig erkennbar sei, wo und wann er genau der Maskenpflicht unterliege. &#8222;Alle anderen Personen, die sich in D\u00fcsseldorf bewegen, m\u00fcssen die Allgemeinverf\u00fcgung beachten&#8220;, so das Gericht. Frage: Soll das eine indirekte Aufforderung an jede\/n einzelne\/n D\u00fcsseldorfer\/in sein, ebenfalls zu klagen? Hat das Gericht sonst keine Arbeit? Gesundheitsminister Jens Spahn z\u00e4hlt 30 bis 40% der Deutschen zur Corona-Risikogruppe. Glaube ich ihm. Widersprechen m\u00f6chte ich seiner \u00c4u\u00dferung, die Bundesrepublik sei nach Japan das zweit\u00e4lteste Land der Welt. Hab extra noch mal nachgeguckt. Die BRD ist 1949 gegr\u00fcndet worden, da fallen mir spontan mindestens vier L\u00e4nder ein, die \u00e4lter sind. Auch Grundsch\u00fcler m\u00fcssen jetzt im Unterricht Maske tragen, zumindest in M\u00fcnchen. In Tschechien geht die Zahl der Neuinfektionen zur\u00fcck, mit 3.608 ist heute der niedrigste Wert seit 4 Wochen verzeichnet worden. \u00dcber 100 Covid-19-Tote meldet Lettland, \u00fcber 8.000 Polen, \u00fcber 95.000 Mexiko. Aus einem Newsletter des von mir hoch gesch\u00e4tzten Kollegen Franz Dobler, der gerade einen neuen Gedichtband heraus brachte, entnahm ich folgende Weisheit, die im Original von einem anderen Kollegen stammt, mit dem ich ebenfalls bereits die Ehre hatte, zusammen auftreten zu d\u00fcrfen, n\u00e4mlich vom leider schon verstorbenen Carl Weissner: &#8222;Niemand wird gezwungen werden, sich impfen zu lassen, sondern es ist eine freiwillige Entscheidung.&#8220; Huch! Verzeihung. War von Angela Merkel. Von Carl Weissner: &#8222;\u00dcberleben ist alles, man wei\u00df nie, wozu es nochmal gut ist.&#8220;<\/p>\n<p>Tipp f\u00fcr heute: Charles Bukowski w\u00e4re nicht halb so popul\u00e4r hierzulande, h\u00e4tte Carl Weissner nicht, vor allem seine Gedichte, so grandios \u00fcbersetzt.<\/p>\n","protected":false},"excerpt":{"rendered":"<p>Dass es mit der Corona-Pandemie in Deutschland nicht allzu schlimm sei, k\u00f6nnte man denken, h\u00e4tte man gestern, wie ich, einen kurzen Abstecher zur M\u00f6belteile-Konzern-Filiale von IKEA nach Berlin-Lichtenberg gemacht. Massen von Menschen standen dort am verkaufsoffenen Sonntag Schlange, um Einlass zu erhalten. Keine Ahnung, wie viele Leute insgesamt durch den Konsum-Tempel geschleust worden sind, einen [&hellip;]<\/p>\n","protected":false},"author":53,"featured_media":0,"comment_status":"open","ping_status":"open","sticky":false,"template":"","format":"standard","meta":{"footnotes":""},"categories":[1],"tags":[],"class_list":["post-9855","post","type-post","status-publish","format-standard","hentry","category-allgemein"],"_links":{"self":[{"href":"https:\/\/www.ahne-international.de\/index.php?rest_route=\/wp\/v2\/posts\/9855","targetHints":{"allow":["GET"]}}],"collection":[{"href":"https:\/\/www.ahne-international.de\/index.php?rest_route=\/wp\/v2\/posts"}],"about":[{"href":"https:\/\/www.ahne-international.de\/index.php?rest_route=\/wp\/v2\/types\/post"}],"author":[{"embeddable":true,"href":"https:\/\/www.ahne-international.de\/index.php?rest_route=\/wp\/v2\/users\/53"}],"replies":[{"embeddable":true,"href":"https:\/\/www.ahne-international.de\/index.php?rest_route=%2Fwp%2Fv2%2Fcomments&post=9855"}],"version-history":[{"count":1,"href":"https:\/\/www.ahne-international.de\/index.php?rest_route=\/wp\/v2\/posts\/9855\/revisions"}],"predecessor-version":[{"id":9856,"href":"https:\/\/www.ahne-international.de\/index.php?rest_route=\/wp\/v2\/posts\/9855\/revisions\/9856"}],"wp:attachment":[{"href":"https:\/\/www.ahne-international.de\/index.php?rest_route=%2Fwp%2Fv2%2Fmedia&parent=9855"}],"wp:term":[{"taxonomy":"category","embeddable":true,"href":"https:\/\/www.ahne-international.de\/index.php?rest_route=%2Fwp%2Fv2%2Fcategories&post=9855"},{"taxonomy":"post_tag","embeddable":true,"href":"https:\/\/www.ahne-international.de\/index.php?rest_route=%2Fwp%2Fv2%2Ftags&post=9855"}],"curies":[{"name":"wp","href":"https:\/\/api.w.org\/{rel}","templated":true}]}}