{"id":9881,"date":"2020-11-20T12:24:04","date_gmt":"2020-11-20T11:24:04","guid":{"rendered":"https:\/\/www.ahne-international.de\/?p=9881"},"modified":"2020-11-20T12:24:04","modified_gmt":"2020-11-20T11:24:04","slug":"corona-tagebuch-152-2","status":"publish","type":"post","link":"https:\/\/www.ahne-international.de\/?p=9881","title":{"rendered":"Corona-Tagebuch 152"},"content":{"rendered":"<p>Meine Kaufhalle, wo ich immer einkaufen gehe, hat mir gestern einen Schokoladenweihnachtskalender geschenkt, einfach so. Hab ich mich vielleicht gefreut! Ich glaub, ich werde jetzt nie wieder woanders einkaufen. Schlechte Nachrichten gibt es allerdings auch. Ich habe in der Nacht eine M\u00fccke totgehauen. Doch. Schon wieder. Sie hat aber auch richtig genervt. Gesummt und gestochen. Ich wei\u00df, ist kein Argument, k\u00f6nnte ja auch woanders hingehen, zum Schlafen, oder mich betrinken, dass ich nichts mehr mitbekomme, egal. H\u00e4tte es auch gar nicht aufschreiben m\u00fcssen. Aber das Gewissen, es dr\u00fcckt. Laut Polizei gab es bei den Protesten gegen die Beschlie\u00dfung des Infektionsschutzgesetzes 77 verletzte Polizisten, drei davon schwer. Die Polizeipr\u00e4sidentin Barbara Slowik zum &#8218;Tagesspiegel&#8216;: &#8222;Das Potenzial und die Brutalit\u00e4t der Gewalt am Mittwoch waren immens. Einzelne Stimmen haben mir gesagt, sowas haben wir in Berlin seit Jahrzehnten nicht erlebt.&#8220; Erhob erst innerlich Einspruch, dann jedoch fiel mir auf, oh, kann ihr aus eigener Erfahrung gar nicht widersprechen. Die gro\u00dfen, gewaltt\u00e4tigen Auseinandersetzungen, an die ich mich erinnern kann, liegen, in Berlin zumindest, l\u00e4nger zur\u00fcck. Neunziger Jahre, achtziger Jahre. Ein weiteres Argument jedoch gegen die ganzen Apokalyptiker, welche dauernd behaupten, das mit der Gewalt werde immer schlimmer und man k\u00f6nne ja gar nicht mehr auf die Stra\u00dfe gehen. In Katalonien d\u00fcrfen Theater, Kinos, Bars und Restaurants wieder \u00f6ffnen, mit Sperrstunde, ab 21:30 Uhr. Kalifornien erl\u00e4sst eine Ausgangssperre f\u00fcr den gr\u00f6\u00dften Teil des Bundesstaates von 22 Uhr bis 5 Uhr morgens. Tschechien verl\u00e4ngert den Notstand bis 12. Dezember. Finnland verl\u00e4ngert die Einreisesperre f\u00fcr fast alle EU-L\u00e4nder, inklusive Deutschland, bis 13. Dezember. Die griechische Regierung hat verf\u00fcgt, dass zwei Privatkliniken in Saloniki, die sich weigerten Corona-Patienten aufzunehmen, ab heute 200 Pl\u00e4tze f\u00fcr Covid-19-Erkrankte zur Verf\u00fcgung stellen m\u00fcssen. Die staatlichen Krankenh\u00e4user dort sind am Limit. S\u00fcdtirol m\u00f6chte mit Schnelltests in den n\u00e4chsten drei Tagen eine Massentestung der Bev\u00f6lkerung durchf\u00fchren. Sie sind kostenlos und freiwillig. Das Resultat liege innerhalb von 30 Minuten vor. D\u00e4nemark gibt bekannt, dass mittlerweile alle Nerze auf den infizierten Pelztierfarmen get\u00f6tet worden seien. Zur\u00fcck treten musste deswegen der Landwirtschaftsminister, es gab kein notwendiges Gesetz daf\u00fcr. Auch Irland l\u00e4sst jetzt s\u00e4mtliche Nerze notschlachten. Circa 120.000 Tiere leben dort auf drei Farmen. Laut des Farma, Quatsch, Pharma-Konzerns Sinopharm haben sich fast eine Million Chinesen bereits gegen Covid-19 impfen lassen. Bisher l\u00e4gen keine Erkenntnisse \u00fcber schwere Nebenwirkungen vor. Es seien lediglich in einigen F\u00e4llen milde Symptome aufgetreten. Rekorde bei Neuinfektionen melden der Gaza-Streifen, 754, Deutschland, 23.648 und Russland, 24.318. \u00dcber 500 Covid-19-Tote in S\u00fcdkorea, \u00fcber 600 in der Slowakei, \u00fcber 2.000 in Jordanien, \u00fcber 8.000 auf den Philippinen, \u00fcber 100.000 in Mexiko. Bundeskanzlerin Angela Merkel hat die j\u00fcngere Generation ermahnt, so wie sie mit der Bewegung &#8218;Fridays for Future&#8216; darum bitten, dass \u00c4ltere ein Herz f\u00fcr den Klimaschutz h\u00e4tten, so sollten sie jetzt auch ein Herz f\u00fcr die \u00c4lteren haben und sich in der Corona-Krise verantwortungsvoll verhalten. Hoffe mal, die j\u00fcngere Generation nimmt sich kein Beispiel an uns \u00c4lteren, welche immer fein nickten, ging es um Umweltschutz, sonst jedoch sich einen feuchten Dreck um die Zukunft k\u00fcnftiger Generationen k\u00fcmmerten.<\/p>\n<p>Tipp f\u00fcr heute: Dem Kind ein sch\u00f6nes Nerzschnitzel braten.<\/p>\n","protected":false},"excerpt":{"rendered":"<p>Meine Kaufhalle, wo ich immer einkaufen gehe, hat mir gestern einen Schokoladenweihnachtskalender geschenkt, einfach so. Hab ich mich vielleicht gefreut! Ich glaub, ich werde jetzt nie wieder woanders einkaufen. Schlechte Nachrichten gibt es allerdings auch. Ich habe in der Nacht eine M\u00fccke totgehauen. Doch. Schon wieder. Sie hat aber auch richtig genervt. Gesummt und gestochen. [&hellip;]<\/p>\n","protected":false},"author":53,"featured_media":0,"comment_status":"open","ping_status":"open","sticky":false,"template":"","format":"standard","meta":{"footnotes":""},"categories":[1],"tags":[],"class_list":["post-9881","post","type-post","status-publish","format-standard","hentry","category-allgemein"],"_links":{"self":[{"href":"https:\/\/www.ahne-international.de\/index.php?rest_route=\/wp\/v2\/posts\/9881","targetHints":{"allow":["GET"]}}],"collection":[{"href":"https:\/\/www.ahne-international.de\/index.php?rest_route=\/wp\/v2\/posts"}],"about":[{"href":"https:\/\/www.ahne-international.de\/index.php?rest_route=\/wp\/v2\/types\/post"}],"author":[{"embeddable":true,"href":"https:\/\/www.ahne-international.de\/index.php?rest_route=\/wp\/v2\/users\/53"}],"replies":[{"embeddable":true,"href":"https:\/\/www.ahne-international.de\/index.php?rest_route=%2Fwp%2Fv2%2Fcomments&post=9881"}],"version-history":[{"count":1,"href":"https:\/\/www.ahne-international.de\/index.php?rest_route=\/wp\/v2\/posts\/9881\/revisions"}],"predecessor-version":[{"id":9882,"href":"https:\/\/www.ahne-international.de\/index.php?rest_route=\/wp\/v2\/posts\/9881\/revisions\/9882"}],"wp:attachment":[{"href":"https:\/\/www.ahne-international.de\/index.php?rest_route=%2Fwp%2Fv2%2Fmedia&parent=9881"}],"wp:term":[{"taxonomy":"category","embeddable":true,"href":"https:\/\/www.ahne-international.de\/index.php?rest_route=%2Fwp%2Fv2%2Fcategories&post=9881"},{"taxonomy":"post_tag","embeddable":true,"href":"https:\/\/www.ahne-international.de\/index.php?rest_route=%2Fwp%2Fv2%2Ftags&post=9881"}],"curies":[{"name":"wp","href":"https:\/\/api.w.org\/{rel}","templated":true}]}}